{"id":41412,"date":"2020-11-06T09:47:35","date_gmt":"2020-11-06T08:47:35","guid":{"rendered":"https:\/\/integral.ba\/?p=41412"},"modified":"2020-11-16T10:35:44","modified_gmt":"2020-11-16T09:35:44","slug":"svecano-potpisan-ugovor-o-izgradnji-mosta-na-rijeci-vrbas-u-banjoj-luci","status":"publish","type":"post","link":"https:\/\/integral.ba\/en\/svecano-potpisan-ugovor-o-izgradnji-mosta-na-rijeci-vrbas-u-banjoj-luci\/","title":{"rendered":"Ceremonial signing of the contract on construction of the Bridge over the Vrbas river in Banja Luka"},"content":{"rendered":"\n<p>The ceremonial signing of the Contract for the construction of the bridge over the Vrbas river in the Dolac residential area of the City of Banja Luka was held on November 6, 2020 on the premises of the Banja Luka City Administration.<\/p>\n\n\n\n<p>The contract was signed on behalf of the Employer by Mayor Igor Radoji\u010di\u0107, and on behalf of the Contractor by Slobodan Stankovi\u0107, General Manager of the company \u201cIntegral In\u017eenjering\u201d a.d. (PLC) Lakta\u0161i.<\/p>\n\n\n\n<p>The value of contracted works is 7,443,644.79 BAM or 3,805,875.15 EUR. The works are expected to last 540 days from the day the Contractor is introduced to the work.<\/p>\n\n\n\n<div class=\"wp-block-buttons is-layout-flex wp-block-buttons-is-layout-flex\">\n<div class=\"wp-block-button btn_l\"><a class=\"wp-block-button__link\" href=\"https:\/\/integral.ba\/construction-of-the-bridge-dolac-with-the-pipeline-in-banja-luka-the-republika-srpska-bosnia-and-herzegovina\/?lang=en\">More about the Project&#8230;<\/a><\/div>\n<\/div>\n\n\n\n<p><\/p>\n\n\n\n<p>The company \u201cIntegral In\u017eenjering\u201d a.d. (PLC) Lakta\u0161i has significant longtime experience in bridge construction, which is a guarantee that this project will be realized equally successfully.<\/p>\n\n\n\n<p>Some of the most significant bridges constructed by the company \u201cIntegral In\u017eenjering\u201d a.d. (PLC) Lakta\u0161i together with its partners, are:<\/p>\n\n\n\n<ul class=\"wp-block-list\"><li>seven bridges on the motorway in the Grdelica Canyon (Vladi\u010din Han, Serbia) with a total length of l = 2,540 m (2018);<\/li><li>bridge on the motorway over the Vrbas river (Lakta\u0161i) with a total length l = 340 m (2017);<\/li><li>viaduct on the motorway in Lakta\u0161i, length l = 449 m (2017);<\/li><li>viaduct on the motorway in Mahovljani (Lakta\u0161i), length l = 400 m (2017);<\/li><li>bridge on the motorway over the Bosna river (Doboj), length l = 414 m (2016);<\/li><li>Trnova Luka viaduct (\u010cemerno, Gacko), length l = 408 m (2013).<\/li><\/ul>\n\n\n\n<p>In addition to the Bridge over the Vrbas river, the company \u201cIntegral In\u017eenjering\u201d a.d. (PLC) Lakta\u0161i constructs three other large bridges:<\/p>\n\n\n\n<ul class=\"wp-block-list\"><li>bridge over the Sava river near Gradi\u0161ka (l = 462 m);<\/li><li>bridge over the Bosna river on the motorway on Corridor 5c near Doboj (l = 228 m) and<\/li><li>bridge over the Trebi\u0161njica river near Trebinje (l = 484 m).<\/li><\/ul>\n\n\n\n<p>With the total annual income in 2019 of 222.7 million BAM (113.8 million EUR), the company \u201cIntegral In\u017eenjering\u201d a.d. (PLC) Lakta\u0161i is the largest construction company in Bosnia and Herzegovina, and the leader in the region. In addition, with the total export revenue amounting to 153.1 million KM (78.28 million euros) in 2019, the company \u201cIntegral In\u017eenjering\u201d a.d. (PLC) Lakta\u0161i is the largest exporter in the construction sector and the fourth largest exporter from Bosnia and Herzegovina.<\/p>\n\n\n\n<p><\/p>\n\n\n<style type=\"text\/css\">a.eg-henryharrison-element-1,a.eg-henryharrison-element-2{-webkit-transition:all .4s linear;-moz-transition:all .4s linear;-o-transition:all .4s linear;-ms-transition:all .4s linear;transition:all .4s linear}.eg-jimmy-carter-element-11 i:before{margin-left:0px;margin-right:0px}.eg-harding-element-17{letter-spacing:1px}.eg-harding-wrapper .esg-entry-media{overflow:hidden;box-sizing:border-box;-webkit-box-sizing:border-box;-moz-box-sizing:border-box;padding:30px 30px 0px 30px}.eg-harding-wrapper .esg-media-poster{overflow:hidden;border-radius:50%;-webkit-border-radius:50%;-moz-border-radius:50%}.eg-ulysses-s-grant-wrapper .esg-entry-media{overflow:hidden;box-sizing:border-box;-webkit-box-sizing:border-box;-moz-box-sizing:border-box;padding:30px 30px 0px 30px}.eg-ulysses-s-grant-wrapper .esg-media-poster{overflow:hidden;border-radius:50%;-webkit-border-radius:50%;-moz-border-radius:50%}.eg-richard-nixon-wrapper .esg-entry-media{overflow:hidden;box-sizing:border-box;-webkit-box-sizing:border-box;-moz-box-sizing:border-box;padding:30px 30px 0px 30px}.eg-richard-nixon-wrapper .esg-media-poster{overflow:hidden;border-radius:50%;-webkit-border-radius:50%;-moz-border-radius:50%}.eg-herbert-hoover-wrapper .esg-media-poster{filter:url(\"data:image\/svg+xml;utf8,<svg xmlns='http:\/\/www.w3.org\/2000\/svg'><filter id='grayscale'><feColorMatrix type='matrix' values='0.3333 0.3333 0.3333 0 0 0.3333 0.3333 0.3333 0 0 0.3333 0.3333 0.3333 0 0 0 0 0 1 0'\/><\/filter><\/svg>#grayscale\");filter:gray;-webkit-filter:grayscale(100%)}.eg-herbert-hoover-wrapper:hover .esg-media-poster{filter:url(\"data:image\/svg+xml;utf8,<svg xmlns='http:\/\/www.w3.org\/2000\/svg'><filter id='grayscale'><feColorMatrix type='matrix' values='1 0 0 0 0,0 1 0 0 0,0 0 1 0 0,0 0 0 1 0'\/><\/filter><\/svg>#grayscale\");-webkit-filter:grayscale(0%)}.eg-lyndon-johnson-wrapper .esg-media-poster{filter:url(\"data:image\/svg+xml;utf8,<svg xmlns='http:\/\/www.w3.org\/2000\/svg'><filter id='grayscale'><feColorMatrix type='matrix' values='0.3333 0.3333 0.3333 0 0 0.3333 0.3333 0.3333 0 0 0.3333 0.3333 0.3333 0 0 0 0 0 1 0'\/><\/filter><\/svg>#grayscale\");filter:gray;-webkit-filter:grayscale(100%)}.eg-lyndon-johnson-wrapper:hover .esg-media-poster{filter:url(\"data:image\/svg+xml;utf8,<svg xmlns='http:\/\/www.w3.org\/2000\/svg'><filter id='grayscale'><feColorMatrix type='matrix' values='1 0 0 0 0,0 1 0 0 0,0 0 1 0 0,0 0 0 1 0'\/><\/filter><\/svg>#grayscale\");-webkit-filter:grayscale(0%)}.esg-overlay.eg-ronald-reagan-container {background:-moz-linear-gradient(top,rgba(0,0,0,0) 50%,rgba(0,0,0,0.83) 99%,rgba(0,0,0,0.85) 100%);background:-webkit-gradient(linear,left top,left bottom,color-stop(50%,rgba(0,0,0,0)),color-stop(99%,rgba(0,0,0,0.83)),color-stop(100%,rgba(0,0,0,0.85)));background:-webkit-linear-gradient(top,rgba(0,0,0,0) 50%,rgba(0,0,0,0.83) 99%,rgba(0,0,0,0.85) 100%);background:-o-linear-gradient(top,rgba(0,0,0,0) 50%,rgba(0,0,0,0.83) 99%,rgba(0,0,0,0.85) 100%);background:-ms-linear-gradient(top,rgba(0,0,0,0) 50%,rgba(0,0,0,0.83) 99%,rgba(0,0,0,0.85) 100%);background:linear-gradient(to bottom,rgba(0,0,0,0) 50%,rgba(0,0,0,0.83) 99%,rgba(0,0,0,0.85) 100%);filter:progid:DXImageTransform.Microsoft.gradient( startColorstr='#00000000',endColorstr='#d9000000',GradientType=0 )}.eg-georgebush-wrapper .esg-entry-cover {background:-moz-linear-gradient(top,rgba(0,0,0,0) 50%,rgba(0,0,0,0.83) 99%,rgba(0,0,0,0.85) 100%);background:-webkit-gradient(linear,left top,left bottom,color-stop(50%,rgba(0,0,0,0)),color-stop(99%,rgba(0,0,0,0.83)),color-stop(100%,rgba(0,0,0,0.85)));background:-webkit-linear-gradient(top,rgba(0,0,0,0) 50%,rgba(0,0,0,0.83) 99%,rgba(0,0,0,0.85) 100%);background:-o-linear-gradient(top,rgba(0,0,0,0) 50%,rgba(0,0,0,0.83) 99%,rgba(0,0,0,0.85) 100%);background:-ms-linear-gradient(top,rgba(0,0,0,0) 50%,rgba(0,0,0,0.83) 99%,rgba(0,0,0,0.85) 100%);background:linear-gradient(to bottom,rgba(0,0,0,0) 50%,rgba(0,0,0,0.83) 99%,rgba(0,0,0,0.85) 100%);filter:progid:DXImageTransform.Microsoft.gradient( startColorstr='#00000000',endColorstr='#d9000000',GradientType=0 )}.eg-jefferson-wrapper{-webkit-border-radius:5px !important;-moz-border-radius:5px !important;border-radius:5px !important;-webkit-mask-image:url(data:image\/png;base64,iVBORw0KGgoAAAANSUhEUgAAAAEAAAABCAIAAACQd1PeAAAAGXRFWHRTb2Z0d2FyZQBBZG9iZSBJbWFnZVJlYWR5ccllPAAAAA5JREFUeNpiYGBgAAgwAAAEAAGbA+oJAAAAAElFTkSuQmCC) !important}.eg-monroe-element-1{text-shadow:0px 1px 3px rgba(0,0,0,0.1)}.eg-lyndon-johnson-wrapper .esg-entry-cover{background:-moz-radial-gradient(center,ellipse cover,rgba(0,0,0,0.35) 0%,rgba(18,18,18,0) 96%,rgba(19,19,19,0) 100%);background:-webkit-gradient(radial,center center,0px,center center,100%,color-stop(0%,rgba(0,0,0,0.35)),color-stop(96%,rgba(18,18,18,0)),color-stop(100%,rgba(19,19,19,0)));background:-webkit-radial-gradient(center,ellipse cover,rgba(0,0,0,0.35) 0%,rgba(18,18,18,0) 96%,rgba(19,19,19,0) 100%);background:-o-radial-gradient(center,ellipse cover,rgba(0,0,0,0.35) 0%,rgba(18,18,18,0) 96%,rgba(19,19,19,0) 100%);background:-ms-radial-gradient(center,ellipse cover,rgba(0,0,0,0.35) 0%,rgba(18,18,18,0) 96%,rgba(19,19,19,0) 100%);background:radial-gradient(ellipse at center,rgba(0,0,0,0.35) 0%,rgba(18,18,18,0) 96%,rgba(19,19,19,0) 100%);filter:progid:DXImageTransform.Microsoft.gradient( startColorstr='#59000000',endColorstr='#00131313',GradientType=1 )}.eg-wilbert-wrapper .esg-entry-cover{background:-moz-radial-gradient(center,ellipse cover,rgba(0,0,0,0.35) 0%,rgba(18,18,18,0) 96%,rgba(19,19,19,0) 100%);background:-webkit-gradient(radial,center center,0px,center center,100%,color-stop(0%,rgba(0,0,0,0.35)),color-stop(96%,rgba(18,18,18,0)),color-stop(100%,rgba(19,19,19,0)));background:-webkit-radial-gradient(center,ellipse cover,rgba(0,0,0,0.35) 0%,rgba(18,18,18,0) 96%,rgba(19,19,19,0) 100%);background:-o-radial-gradient(center,ellipse cover,rgba(0,0,0,0.35) 0%,rgba(18,18,18,0) 96%,rgba(19,19,19,0) 100%);background:-ms-radial-gradient(center,ellipse cover,rgba(0,0,0,0.35) 0%,rgba(18,18,18,0) 96%,rgba(19,19,19,0) 100%);background:radial-gradient(ellipse at center,rgba(0,0,0,0.35) 0%,rgba(18,18,18,0) 96%,rgba(19,19,19,0) 100%);filter:progid:DXImageTransform.Microsoft.gradient( startColorstr='#59000000',endColorstr='#00131313',GradientType=1 )}.eg-wilbert-wrapper .esg-media-poster{-webkit-transition:0.4s ease-in-out;-moz-transition:0.4s ease-in-out;-o-transition:0.4s ease-in-out;transition:0.4s ease-in-out;filter:url(\"data:image\/svg+xml;utf8,<svg xmlns='http:\/\/www.w3.org\/2000\/svg'><filter id='grayscale'><feColorMatrix type='matrix' values='0.3333 0.3333 0.3333 0 0 0.3333 0.3333 0.3333 0 0 0.3333 0.3333 0.3333 0 0 0 0 0 1 0'\/><\/filter><\/svg>#grayscale\");filter:gray;-webkit-filter:grayscale(100%)}.eg-wilbert-wrapper:hover .esg-media-poster{filter:url(\"data:image\/svg+xml;utf8,<svg xmlns='http:\/\/www.w3.org\/2000\/svg'><filter id='grayscale'><feColorMatrix type='matrix' values='1 0 0 0 0,0 1 0 0 0,0 0 1 0 0,0 0 0 1 0'\/><\/filter><\/svg>#grayscale\");-webkit-filter:grayscale(0%)}.eg-phillie-element-3:after{content:\" \";width:0px;height:0px;border-style:solid;border-width:5px 5px 0 5px;border-color:#000 transparent transparent transparent;left:50%;margin-left:-5px;bottom:-5px;position:absolute}.eg-howardtaft-wrapper .esg-media-poster{filter:url(\"data:image\/svg+xml;utf8,<svg xmlns='http:\/\/www.w3.org\/2000\/svg'><filter id='grayscale'><feColorMatrix type='matrix' values='1 0 0 0 0,0 1 0 0 0,0 0 1 0 0,0 0 0 1 0'\/><\/filter><\/svg>#grayscale\");-webkit-filter:grayscale(0%)}.eg-howardtaft-wrapper:hover .esg-media-poster{filter:url(\"data:image\/svg+xml;utf8,<svg xmlns='http:\/\/www.w3.org\/2000\/svg'><filter id='grayscale'><feColorMatrix type='matrix' values='0.3333 0.3333 0.3333 0 0 0.3333 0.3333 0.3333 0 0 0.3333 0.3333 0.3333 0 0 0 0 0 1 0'\/><\/filter><\/svg>#grayscale\");filter:gray;-webkit-filter:grayscale(100%)}.myportfolio-container .added_to_cart.wc-forward{font-family:\"Open Sans\";font-size:13px;color:#fff;margin-top:10px}.esgbox-title.esgbox-title-outside-wrap{font-size:15px;font-weight:700;text-align:center}.esgbox-title.esgbox-title-inside-wrap{padding-bottom:10px;font-size:15px;font-weight:700;text-align:center}.esg-content.eg-twitterstream-element-33-a{display:inline-block}.eg-twitterstream-element-35{word-break:break-all}.esg-overlay.eg-twitterstream-container {background:-moz-linear-gradient(top,rgba(0,0,0,0) 50%,rgba(0,0,0,0.83) 99%,rgba(0,0,0,0.85) 100%);background:-webkit-gradient(linear,left top,left bottom,color-stop(50%,rgba(0,0,0,0)),color-stop(99%,rgba(0,0,0,0.83)),color-stop(100%,rgba(0,0,0,0.85)));background:-webkit-linear-gradient(top,rgba(0,0,0,0) 50%,rgba(0,0,0,0.83) 99%,rgba(0,0,0,0.85) 100%);background:-o-linear-gradient(top,rgba(0,0,0,0) 50%,rgba(0,0,0,0.83) 99%,rgba(0,0,0,0.85) 100%);background:-ms-linear-gradient(top,rgba(0,0,0,0) 50%,rgba(0,0,0,0.83) 99%,rgba(0,0,0,0.85) 100%);background:linear-gradient(to bottom,rgba(0,0,0,0) 50%,rgba(0,0,0,0.83) 99%,rgba(0,0,0,0.85) 100%);filter:progid:DXImageTransform.Microsoft.gradient( startColorstr='#00000000',endColorstr='#d9000000',GradientType=0 )}.esg-content.eg-facebookstream-element-33-a{display:inline-block}.eg-facebookstream-element-0{word-break:break-all}.esg-overlay.eg-flickrstream-container {background:-moz-linear-gradient(top,rgba(0,0,0,0) 50%,rgba(0,0,0,0.83) 99%,rgba(0,0,0,0.85) 100%);background:-webkit-gradient(linear,left top,left bottom,color-stop(50%,rgba(0,0,0,0)),color-stop(99%,rgba(0,0,0,0.83)),color-stop(100%,rgba(0,0,0,0.85)));background:-webkit-linear-gradient(top,rgba(0,0,0,0) 50%,rgba(0,0,0,0.83) 99%,rgba(0,0,0,0.85) 100%);background:-o-linear-gradient(top,rgba(0,0,0,0) 50%,rgba(0,0,0,0.83) 99%,rgba(0,0,0,0.85) 100%);background:-ms-linear-gradient(top,rgba(0,0,0,0) 50%,rgba(0,0,0,0.83) 99%,rgba(0,0,0,0.85) 100%);background:linear-gradient(to bottom,rgba(0,0,0,0) 50%,rgba(0,0,0,0.83) 99%,rgba(0,0,0,0.85) 100%);filter:progid:DXImageTransform.Microsoft.gradient( startColorstr='#00000000',endColorstr='#d9000000',GradientType=0 )}<\/style>\n<style type=\"text\/css\">.minimal-light .navigationbuttons,.minimal-light .esg-pagination,.minimal-light .esg-filters{text-align:center}.minimal-light .esg-filterbutton,.minimal-light .esg-navigationbutton,.minimal-light .esg-sortbutton,.minimal-light .esg-cartbutton a{color:#999;margin-right:5px;cursor:pointer;padding:0px 16px;border:1px solid #e5e5e5;line-height:38px;border-radius:5px;-moz-border-radius:5px;-webkit-border-radius:5px;font-size:12px;font-weight:700;font-family:\"Open Sans\",sans-serif;display:inline-block;background:#fff;margin-bottom:5px}.minimal-light .esg-navigationbutton *{color:#999}.minimal-light .esg-navigationbutton{padding:0px 16px}.minimal-light .esg-pagination-button:last-child{margin-right:0}.minimal-light .esg-left,.minimal-light .esg-right{padding:0px 11px}.minimal-light  .esg-sortbutton-wrapper,.minimal-light  .esg-cartbutton-wrapper{display:inline-block}.minimal-light  .esg-sortbutton-order,.minimal-light  .esg-cartbutton-order{display:inline-block;vertical-align:top;border:1px solid #e5e5e5;width:40px;line-height:38px;border-radius:0px 5px 5px 0px;-moz-border-radius:0px 5px 5px 0px;-webkit-border-radius:0px 5px 5px 0px;font-size:12px;font-weight:700;color:#999;cursor:pointer;background:#fff}.minimal-light .esg-cartbutton{color:#333;cursor:default !important}.minimal-light .esg-cartbutton .esgicon-basket {color:#333;font-size:15px;line-height:15px;margin-right:10px}.minimal-light  .esg-cartbutton-wrapper{cursor:default !important}.minimal-light .esg-sortbutton,.minimal-light .esg-cartbutton{display:inline-block;position:relative;cursor:pointer;margin-right:0px;border-right:none;border-radius:5px 0px 0px 5px;-moz-border-radius:5px 0px 0px 5px;-webkit-border-radius:5px 0px 0px 5px}.minimal-light .esg-navigationbutton:hover,.minimal-light .esg-filterbutton:hover,.minimal-light .esg-sortbutton:hover,.minimal-light .esg-sortbutton-order:hover,.minimal-light .esg-cartbutton a:hover,.minimal-light .esg-filterbutton.selected{background-color:#fff;border-color:#bbb;color:#333;box-shadow:0px 3px 5px 0px rgba(0,0,0,0.13)}.minimal-light .esg-navigationbutton:hover *{color:#333}.minimal-light .esg-sortbutton-order.tp-desc:hover{border-color:#bbb;color:#333;box-shadow:0px -3px 5px 0px rgba(0,0,0,0.13) !important}.minimal-light .esg-filter-checked{padding:1px 3px;color:#cbcbcb;background:#cbcbcb;margin-left:7px;font-size:9px;font-weight:300;line-height:9px;vertical-align:middle}.minimal-light .esg-filterbutton.selected .esg-filter-checked,.minimal-light .esg-filterbutton:hover .esg-filter-checked{padding:1px 3px 1px 3px;color:#fff;background:#000;margin-left:7px;font-size:9px;font-weight:300;line-height:9px;vertical-align:middle}<\/style>\n<style>.eg-galerija-element-19{font-size:24px;line-height:22px;color:#ffffff;font-weight:400;padding:0px 0px 0px 0px;border-radius:0px 0px 0px 0px;background:transparent;z-index:2 !important;display:inline-block;border-top-width:0px;border-right-width:0px;border-bottom-width:0px;border-left-width:0px;border-color:#ffffff;border-style:solid}<\/style>\n<style>.eg-galerija-element-19:hover{font-size:24px;line-height:22px;color:#ffffff;font-weight:400;border-radius:60px 60px 60px 60px;background:transparent;border-top-width:0px;border-right-width:0px;border-bottom-width:0px;border-left-width:0px;border-color:#ffffff;border-style:solid}<\/style>\n<style>.eg-galerija-element-19-a{display:inline-block;float:none;clear:none;margin:0px 10px 0px 10px;position:relative}<\/style>\n<style>.eg-galerija-container{background:rgba(0,0,0,0.53)}<\/style>\n<style>.eg-galerija-content{background:#000000;padding:0px 0px 0px 0px;border-width:0px 0px 0px 0px;border-radius:0px 0px 0px 0px;border-color:transparent;border-style:none;text-align:left}<\/style>\n<style>.esg-grid .mainul li.eg-galerija-wrapper{background:#000000;padding:0px 0px 0px 0px;border-width:0px 0px 0px 0px;border-radius:0px 0px 0px 0px;border-color:transparent;border-style:none}<\/style>\n<style>.esg-grid .mainul li.eg-galerija-wrapper .esg-media-poster{background-size:cover;background-position:center center;background-repeat:no-repeat}<\/style>\n<article id=\"esg-grid-3-img-1-wrap\" class=\"myportfolio-container esg-grid-wrap-container minimal-light esg-entry-skin-galerija source_type_gallery\" data-alias=\"galerija\" data-version=\"3.1.11\" data-source=\"gallery\">\n\n   <div id=\"esg-grid-3-img-1\" class=\"esg-grid\" style=\"background: transparent;padding: 0px 0px 0px 0px ; box-sizing:border-box; -moz-box-sizing:border-box; -webkit-box-sizing:border-box; display:none\">\n<ul>\n<li id=\"eg-3-post-id-29155_3498\" class=\"filterall eg-galerija-wrapper eg-post-id-29155\" data-skin=\"galerija\" data-date=\"1777225570\" >\n    <div class=\"esg-media-cover-wrapper\">\n<div class=\"esg-entry-media\" ><img loading=\"lazy\" decoding=\"async\" class=\"esg-entry-media-img\"  src=\"https:\/\/integral.ba\/wp-content\/uploads\/2020\/04\/Izgradnja-mosta-na-rijeci-Savi-1.jpg\" data-no-lazy=\"1\" alt=\"\" title=\"Izgradnja mosta na rijeci Savi kod Gradi\u0161ke\" width=\"1200\" height=\"675\"><\/div>\n\n            <div class=\"esg-entry-cover\" data-clickable=\"on\">\n\n<a class=\"eg-invisiblebutton  esgbox\" href=\"https:\/\/integral.ba\/wp-content\/uploads\/2020\/04\/Izgradnja-mosta-na-rijeci-Savi-1.jpg\" data-elementor-open-lightbox=\"yes\" data-thumb=\"https:\/\/integral.ba\/wp-content\/uploads\/2020\/04\/Izgradnja-mosta-na-rijeci-Savi-1-200x113.jpg\"  data-caption=\"&lt;div class=&quot;esgbox-caption-title&quot;&gt;Izgradnja mosta na rijeci Savi kod Gradi\u0161ke&lt;\/div&gt;\"  data-width=\"1200\"  data-height=\"675\" >Izgradnja mosta na rijeci Savi kod Gradi\u0161ke<\/a>                <div class=\"esg-overlay eg-galerija-container esg-cover-blend-multiply  esg-transition\" data-duration=\"default\" data-transition=\"esg-fade\"><\/div>\n\n              <div class=\"esg-center eg-galerija-element-3 esg-none esg-clear esg-line-break\"><\/div>\n\t\t\t\t<div class=\"esg-center eg-galerija-element-19-a eg-galerija-element-19-a esg-transition\" data-delay=\"0.15\" data-duration=\"default\" data-transition=\"esg-zoomfront\"><a class=\"eg-galerija-element-19 esgbox\" data-elementor-open-lightbox=\"yes\" data-thumb=\"https:\/\/integral.ba\/wp-content\/uploads\/2020\/04\/Izgradnja-mosta-na-rijeci-Savi-1-200x113.jpg\" href=\"https:\/\/integral.ba\/wp-content\/uploads\/2020\/04\/Izgradnja-mosta-na-rijeci-Savi-1.jpg\" data-caption=\"&lt;div class=&quot;esgbox-caption-title&quot;&gt;Izgradnja mosta na rijeci Savi kod Gradi\u0161ke&lt;\/div&gt;\"  data-width=\"1200\"  data-height=\"675\" ><i class=\"eg-icon-search\"><\/i><\/a><\/div>\n           <\/div>\n   <\/div>\n\n<\/li>\n<li id=\"eg-3-post-id-41449_5162\" class=\"filterall eg-galerija-wrapper eg-post-id-41449\" data-skin=\"galerija\" data-date=\"1777225570\" >\n    <div class=\"esg-media-cover-wrapper\">\n<div class=\"esg-entry-media\" ><img loading=\"lazy\" decoding=\"async\" class=\"esg-entry-media-img\"  src=\"https:\/\/integral.ba\/wp-content\/uploads\/2020\/11\/IMG_3650.jpg\" data-no-lazy=\"1\" alt=\"\" title=\"Izgradnja mosta na rijeci Savi kod Gradi\u0161ke\" width=\"800\" height=\"1067\"><\/div>\n\n            <div class=\"esg-entry-cover\" data-clickable=\"on\">\n\n<a class=\"eg-invisiblebutton  esgbox\" href=\"https:\/\/integral.ba\/wp-content\/uploads\/2020\/11\/IMG_3650.jpg\" data-elementor-open-lightbox=\"yes\" data-thumb=\"https:\/\/integral.ba\/wp-content\/uploads\/2020\/11\/IMG_3650-200x267.jpg\"  data-caption=\"&lt;div class=&quot;esgbox-caption-title&quot;&gt;Izgradnja mosta na rijeci Savi kod Gradi\u0161ke&lt;\/div&gt;\"  data-width=\"800\"  data-height=\"1067\" >Izgradnja mosta na rijeci Savi kod Gradi\u0161ke<\/a>                <div class=\"esg-overlay eg-galerija-container esg-cover-blend-multiply  esg-transition\" data-duration=\"default\" data-transition=\"esg-fade\"><\/div>\n\n              <div class=\"esg-center eg-galerija-element-3 esg-none esg-clear esg-line-break\"><\/div>\n\t\t\t\t<div class=\"esg-center eg-galerija-element-19-a eg-galerija-element-19-a esg-transition\" data-delay=\"0.15\" data-duration=\"default\" data-transition=\"esg-zoomfront\"><a class=\"eg-galerija-element-19 esgbox\" data-elementor-open-lightbox=\"yes\" data-thumb=\"https:\/\/integral.ba\/wp-content\/uploads\/2020\/11\/IMG_3650-200x267.jpg\" href=\"https:\/\/integral.ba\/wp-content\/uploads\/2020\/11\/IMG_3650.jpg\" data-caption=\"&lt;div class=&quot;esgbox-caption-title&quot;&gt;Izgradnja mosta na rijeci Savi kod Gradi\u0161ke&lt;\/div&gt;\"  data-width=\"800\"  data-height=\"1067\" ><i class=\"eg-icon-search\"><\/i><\/a><\/div>\n           <\/div>\n   <\/div>\n\n<\/li>\n<li id=\"eg-3-post-id-28902_901\" class=\"filterall eg-galerija-wrapper eg-post-id-28902\" data-skin=\"galerija\" data-date=\"1777225570\" >\n    <div class=\"esg-media-cover-wrapper\">\n<div class=\"esg-entry-media\" ><img loading=\"lazy\" decoding=\"async\" class=\"esg-entry-media-img\"  src=\"https:\/\/integral.ba\/wp-content\/uploads\/2020\/08\/IMG_2716.jpg\" data-no-lazy=\"1\" alt=\"\" title=\"Most preko rijeke Bosne (izlaz sa petlje Rudanka), autoput na Koridoru 5c, Doboj\" width=\"1200\" height=\"675\"><\/div>\n\n            <div class=\"esg-entry-cover\" data-clickable=\"on\">\n\n<a class=\"eg-invisiblebutton  esgbox\" href=\"https:\/\/integral.ba\/wp-content\/uploads\/2020\/08\/IMG_2716.jpg\" data-elementor-open-lightbox=\"yes\" data-thumb=\"https:\/\/integral.ba\/wp-content\/uploads\/2020\/08\/IMG_2716-200x113.jpg\"  data-caption=\"&lt;div class=&quot;esgbox-caption-title&quot;&gt;Most preko rijeke Bosne (izlaz sa petlje Rudanka), autoput na Koridoru 5c, Doboj&lt;\/div&gt;\"  data-width=\"1200\"  data-height=\"675\" >Most preko rijeke Bosne (izlaz sa petlje Rudanka), autoput na Koridoru 5c, Doboj<\/a>                <div class=\"esg-overlay eg-galerija-container esg-cover-blend-multiply  esg-transition\" data-duration=\"default\" data-transition=\"esg-fade\"><\/div>\n\n              <div class=\"esg-center eg-galerija-element-3 esg-none esg-clear esg-line-break\"><\/div>\n\t\t\t\t<div class=\"esg-center eg-galerija-element-19-a eg-galerija-element-19-a esg-transition\" data-delay=\"0.15\" data-duration=\"default\" data-transition=\"esg-zoomfront\"><a class=\"eg-galerija-element-19 esgbox\" data-elementor-open-lightbox=\"yes\" data-thumb=\"https:\/\/integral.ba\/wp-content\/uploads\/2020\/08\/IMG_2716-200x113.jpg\" href=\"https:\/\/integral.ba\/wp-content\/uploads\/2020\/08\/IMG_2716.jpg\" data-caption=\"&lt;div class=&quot;esgbox-caption-title&quot;&gt;Most preko rijeke Bosne (izlaz sa petlje Rudanka), autoput na Koridoru 5c, Doboj&lt;\/div&gt;\"  data-width=\"1200\"  data-height=\"675\" ><i class=\"eg-icon-search\"><\/i><\/a><\/div>\n           <\/div>\n   <\/div>\n\n<\/li>\n<li id=\"eg-3-post-id-8673_9873\" class=\"filterall eg-galerija-wrapper eg-post-id-8673\" data-skin=\"galerija\" data-date=\"1777225570\" >\n    <div class=\"esg-media-cover-wrapper\">\n<div class=\"esg-entry-media\" ><img loading=\"lazy\" decoding=\"async\" class=\"esg-entry-media-img\"  src=\"https:\/\/integral.ba\/wp-content\/uploads\/2019\/07\/vijadukt-Momin-Kamen-i-most-Morava-Grdelica.jpg\" data-no-lazy=\"1\" alt=\"\" title=\"Vijadukt Momin kamen i most na rijeci Moravi, Grdeli\u010dka klisura (Srbija)\" width=\"1200\" height=\"675\"><\/div>\n\n            <div class=\"esg-entry-cover\" data-clickable=\"on\">\n\n<a class=\"eg-invisiblebutton  esgbox\" href=\"https:\/\/integral.ba\/wp-content\/uploads\/2019\/07\/vijadukt-Momin-Kamen-i-most-Morava-Grdelica.jpg\" data-elementor-open-lightbox=\"yes\" data-thumb=\"https:\/\/integral.ba\/wp-content\/uploads\/2019\/07\/vijadukt-Momin-Kamen-i-most-Morava-Grdelica-200x113.jpg\"  data-caption=\"&lt;div class=&quot;esgbox-caption-title&quot;&gt;Vijadukt Momin kamen i most na rijeci Moravi, Grdeli\u010dka klisura (Srbija)&lt;\/div&gt;\"  data-width=\"1200\"  data-height=\"675\" >Vijadukt Momin kamen i most na rijeci Moravi, Grdeli\u010dka klisura (Srbija)<\/a>                <div class=\"esg-overlay eg-galerija-container esg-cover-blend-multiply  esg-transition\" data-duration=\"default\" data-transition=\"esg-fade\"><\/div>\n\n              <div class=\"esg-center eg-galerija-element-3 esg-none esg-clear esg-line-break\"><\/div>\n\t\t\t\t<div class=\"esg-center eg-galerija-element-19-a eg-galerija-element-19-a esg-transition\" data-delay=\"0.15\" data-duration=\"default\" data-transition=\"esg-zoomfront\"><a class=\"eg-galerija-element-19 esgbox\" data-elementor-open-lightbox=\"yes\" data-thumb=\"https:\/\/integral.ba\/wp-content\/uploads\/2019\/07\/vijadukt-Momin-Kamen-i-most-Morava-Grdelica-200x113.jpg\" href=\"https:\/\/integral.ba\/wp-content\/uploads\/2019\/07\/vijadukt-Momin-Kamen-i-most-Morava-Grdelica.jpg\" data-caption=\"&lt;div class=&quot;esgbox-caption-title&quot;&gt;Vijadukt Momin kamen i most na rijeci Moravi, Grdeli\u010dka klisura (Srbija)&lt;\/div&gt;\"  data-width=\"1200\"  data-height=\"675\" ><i class=\"eg-icon-search\"><\/i><\/a><\/div>\n           <\/div>\n   <\/div>\n\n<\/li>\n<li id=\"eg-3-post-id-8670_1646\" class=\"filterall eg-galerija-wrapper eg-post-id-8670\" data-skin=\"galerija\" data-date=\"1777225570\" >\n    <div class=\"esg-media-cover-wrapper\">\n<div class=\"esg-entry-media\" ><img loading=\"lazy\" decoding=\"async\" class=\"esg-entry-media-img\"  src=\"https:\/\/integral.ba\/wp-content\/uploads\/2019\/07\/most_rijeka_vrbas-Laktasi-1.jpg\" data-no-lazy=\"1\" alt=\"\" title=\"Most na rijejeci Vrbas, autoput Banja Luka - Doboj\" width=\"1200\" height=\"893\"><\/div>\n\n            <div class=\"esg-entry-cover\" data-clickable=\"on\">\n\n<a class=\"eg-invisiblebutton  esgbox\" href=\"https:\/\/integral.ba\/wp-content\/uploads\/2019\/07\/most_rijeka_vrbas-Laktasi-1.jpg\" data-elementor-open-lightbox=\"yes\" data-thumb=\"https:\/\/integral.ba\/wp-content\/uploads\/2019\/07\/most_rijeka_vrbas-Laktasi-1-200x149.jpg\"  data-caption=\"&lt;div class=&quot;esgbox-caption-title&quot;&gt;Most na rijejeci Vrbas, autoput Banja Luka - Doboj&lt;\/div&gt;\"  data-width=\"1200\"  data-height=\"893\" >Most na rijejeci Vrbas, autoput Banja Luka - Doboj<\/a>                <div class=\"esg-overlay eg-galerija-container esg-cover-blend-multiply  esg-transition\" data-duration=\"default\" data-transition=\"esg-fade\"><\/div>\n\n              <div class=\"esg-center eg-galerija-element-3 esg-none esg-clear esg-line-break\"><\/div>\n\t\t\t\t<div class=\"esg-center eg-galerija-element-19-a eg-galerija-element-19-a esg-transition\" data-delay=\"0.15\" data-duration=\"default\" data-transition=\"esg-zoomfront\"><a class=\"eg-galerija-element-19 esgbox\" data-elementor-open-lightbox=\"yes\" data-thumb=\"https:\/\/integral.ba\/wp-content\/uploads\/2019\/07\/most_rijeka_vrbas-Laktasi-1-200x149.jpg\" href=\"https:\/\/integral.ba\/wp-content\/uploads\/2019\/07\/most_rijeka_vrbas-Laktasi-1.jpg\" data-caption=\"&lt;div class=&quot;esgbox-caption-title&quot;&gt;Most na rijejeci Vrbas, autoput Banja Luka - Doboj&lt;\/div&gt;\"  data-width=\"1200\"  data-height=\"893\" ><i class=\"eg-icon-search\"><\/i><\/a><\/div>\n           <\/div>\n   <\/div>\n\n<\/li>\n<li id=\"eg-3-post-id-8672_6948\" class=\"filterall eg-galerija-wrapper eg-post-id-8672\" data-skin=\"galerija\" data-date=\"1777225570\" >\n    <div class=\"esg-media-cover-wrapper\">\n<div class=\"esg-entry-media\" ><img loading=\"lazy\" decoding=\"async\" class=\"esg-entry-media-img\"  src=\"https:\/\/integral.ba\/wp-content\/uploads\/2019\/07\/vijadukt-Laktasi-1.jpg\" data-no-lazy=\"1\" alt=\"\" title=\"Vijadukt u Lakta\u0161ima, autoput Banja Luka - Doboj\" width=\"1200\" height=\"943\"><\/div>\n\n            <div class=\"esg-entry-cover\" data-clickable=\"on\">\n\n<a class=\"eg-invisiblebutton  esgbox\" href=\"https:\/\/integral.ba\/wp-content\/uploads\/2019\/07\/vijadukt-Laktasi-1.jpg\" data-elementor-open-lightbox=\"yes\" data-thumb=\"https:\/\/integral.ba\/wp-content\/uploads\/2019\/07\/vijadukt-Laktasi-1-200x157.jpg\"  data-caption=\"&lt;div class=&quot;esgbox-caption-title&quot;&gt;Vijadukt u Lakta\u0161ima, autoput Banja Luka - Doboj&lt;\/div&gt;\"  data-width=\"1200\"  data-height=\"943\" >Vijadukt u Lakta\u0161ima, autoput Banja Luka - Doboj<\/a>                <div class=\"esg-overlay eg-galerija-container esg-cover-blend-multiply  esg-transition\" data-duration=\"default\" data-transition=\"esg-fade\"><\/div>\n\n              <div class=\"esg-center eg-galerija-element-3 esg-none esg-clear esg-line-break\"><\/div>\n\t\t\t\t<div class=\"esg-center eg-galerija-element-19-a eg-galerija-element-19-a esg-transition\" data-delay=\"0.15\" data-duration=\"default\" data-transition=\"esg-zoomfront\"><a class=\"eg-galerija-element-19 esgbox\" data-elementor-open-lightbox=\"yes\" data-thumb=\"https:\/\/integral.ba\/wp-content\/uploads\/2019\/07\/vijadukt-Laktasi-1-200x157.jpg\" href=\"https:\/\/integral.ba\/wp-content\/uploads\/2019\/07\/vijadukt-Laktasi-1.jpg\" data-caption=\"&lt;div class=&quot;esgbox-caption-title&quot;&gt;Vijadukt u Lakta\u0161ima, autoput Banja Luka - Doboj&lt;\/div&gt;\"  data-width=\"1200\"  data-height=\"943\" ><i class=\"eg-icon-search\"><\/i><\/a><\/div>\n           <\/div>\n   <\/div>\n\n<\/li>\n<li id=\"eg-3-post-id-8668_8320\" class=\"filterall eg-galerija-wrapper eg-post-id-8668\" data-skin=\"galerija\" data-date=\"1777225570\" >\n    <div class=\"esg-media-cover-wrapper\">\n<div class=\"esg-entry-media\" ><img loading=\"lazy\" decoding=\"async\" class=\"esg-entry-media-img\"  src=\"https:\/\/integral.ba\/wp-content\/uploads\/2019\/07\/most_rijeka_Bosna_Doboj-1.jpg\" data-no-lazy=\"1\" alt=\"\" title=\"Most na rijeci Bosni, autoput Banja Luka - Doboj\" width=\"1200\" height=\"675\"><\/div>\n\n            <div class=\"esg-entry-cover\" data-clickable=\"on\">\n\n<a class=\"eg-invisiblebutton  esgbox\" href=\"https:\/\/integral.ba\/wp-content\/uploads\/2019\/07\/most_rijeka_Bosna_Doboj-1.jpg\" data-elementor-open-lightbox=\"yes\" data-thumb=\"https:\/\/integral.ba\/wp-content\/uploads\/2019\/07\/most_rijeka_Bosna_Doboj-1-200x113.jpg\"  data-caption=\"&lt;div class=&quot;esgbox-caption-title&quot;&gt;Most na rijeci Bosni, autoput Banja Luka - Doboj&lt;\/div&gt;\"  data-width=\"1200\"  data-height=\"675\" >Most na rijeci Bosni, autoput Banja Luka - Doboj<\/a>                <div class=\"esg-overlay eg-galerija-container esg-cover-blend-multiply  esg-transition\" data-duration=\"default\" data-transition=\"esg-fade\"><\/div>\n\n              <div class=\"esg-center eg-galerija-element-3 esg-none esg-clear esg-line-break\"><\/div>\n\t\t\t\t<div class=\"esg-center eg-galerija-element-19-a eg-galerija-element-19-a esg-transition\" data-delay=\"0.15\" data-duration=\"default\" data-transition=\"esg-zoomfront\"><a class=\"eg-galerija-element-19 esgbox\" data-elementor-open-lightbox=\"yes\" data-thumb=\"https:\/\/integral.ba\/wp-content\/uploads\/2019\/07\/most_rijeka_Bosna_Doboj-1-200x113.jpg\" href=\"https:\/\/integral.ba\/wp-content\/uploads\/2019\/07\/most_rijeka_Bosna_Doboj-1.jpg\" data-caption=\"&lt;div class=&quot;esgbox-caption-title&quot;&gt;Most na rijeci Bosni, autoput Banja Luka - Doboj&lt;\/div&gt;\"  data-width=\"1200\"  data-height=\"675\" ><i class=\"eg-icon-search\"><\/i><\/a><\/div>\n           <\/div>\n   <\/div>\n\n<\/li>\n<li id=\"eg-3-post-id-8676_6802\" class=\"filterall eg-galerija-wrapper eg-post-id-8676\" data-skin=\"galerija\" data-date=\"1777225570\" >\n    <div class=\"esg-media-cover-wrapper\">\n<div class=\"esg-entry-media\" ><img loading=\"lazy\" decoding=\"async\" class=\"esg-entry-media-img\"  src=\"https:\/\/integral.ba\/wp-content\/uploads\/2019\/07\/vijadukt-Trnova-Luka-Gacko-1.jpg\" data-no-lazy=\"1\" alt=\"\" title=\"Vijadukt Trnova Luka, magistralni put Gacko - Fo\u010da\" width=\"1200\" height=\"840\"><\/div>\n\n            <div class=\"esg-entry-cover\" data-clickable=\"on\">\n\n<a class=\"eg-invisiblebutton  esgbox\" href=\"https:\/\/integral.ba\/wp-content\/uploads\/2019\/07\/vijadukt-Trnova-Luka-Gacko-1.jpg\" data-elementor-open-lightbox=\"yes\" data-thumb=\"https:\/\/integral.ba\/wp-content\/uploads\/2019\/07\/vijadukt-Trnova-Luka-Gacko-1-200x140.jpg\"  data-caption=\"&lt;div class=&quot;esgbox-caption-title&quot;&gt;Vijadukt Trnova Luka, magistralni put Gacko - Fo\u010da&lt;\/div&gt;\"  data-width=\"1200\"  data-height=\"840\" >Vijadukt Trnova Luka, magistralni put Gacko - Fo\u010da<\/a>                <div class=\"esg-overlay eg-galerija-container esg-cover-blend-multiply  esg-transition\" data-duration=\"default\" data-transition=\"esg-fade\"><\/div>\n\n              <div class=\"esg-center eg-galerija-element-3 esg-none esg-clear esg-line-break\"><\/div>\n\t\t\t\t<div class=\"esg-center eg-galerija-element-19-a eg-galerija-element-19-a esg-transition\" data-delay=\"0.15\" data-duration=\"default\" data-transition=\"esg-zoomfront\"><a class=\"eg-galerija-element-19 esgbox\" data-elementor-open-lightbox=\"yes\" data-thumb=\"https:\/\/integral.ba\/wp-content\/uploads\/2019\/07\/vijadukt-Trnova-Luka-Gacko-1-200x140.jpg\" href=\"https:\/\/integral.ba\/wp-content\/uploads\/2019\/07\/vijadukt-Trnova-Luka-Gacko-1.jpg\" data-caption=\"&lt;div class=&quot;esgbox-caption-title&quot;&gt;Vijadukt Trnova Luka, magistralni put Gacko - Fo\u010da&lt;\/div&gt;\"  data-width=\"1200\"  data-height=\"840\" ><i class=\"eg-icon-search\"><\/i><\/a><\/div>\n           <\/div>\n   <\/div>\n\n<\/li>\n<li id=\"eg-3-post-id-8688_1270\" class=\"filterall eg-galerija-wrapper eg-post-id-8688\" data-skin=\"galerija\" data-date=\"1777225570\" >\n    <div class=\"esg-media-cover-wrapper\">\n<div class=\"esg-entry-media\" ><img loading=\"lazy\" decoding=\"async\" class=\"esg-entry-media-img\"  src=\"https:\/\/integral.ba\/wp-content\/uploads\/2019\/07\/most-na-rijeci-Vrbas-Delibasino_selo-BL-1.jpg\" data-no-lazy=\"1\" alt=\"\" title=\"Most na rijeci Vrbas u Deliba\u0161inom selu, Banja Luka\" width=\"1200\" height=\"800\"><\/div>\n\n            <div class=\"esg-entry-cover\" data-clickable=\"on\">\n\n<a class=\"eg-invisiblebutton  esgbox\" href=\"https:\/\/integral.ba\/wp-content\/uploads\/2019\/07\/most-na-rijeci-Vrbas-Delibasino_selo-BL-1.jpg\" data-elementor-open-lightbox=\"yes\" data-thumb=\"https:\/\/integral.ba\/wp-content\/uploads\/2019\/07\/most-na-rijeci-Vrbas-Delibasino_selo-BL-1-200x133.jpg\"  data-caption=\"&lt;div class=&quot;esgbox-caption-title&quot;&gt;Most na rijeci Vrbas u Deliba\u0161inom selu, Banja Luka&lt;\/div&gt;\"  data-width=\"1200\"  data-height=\"800\" >Most na rijeci Vrbas u Deliba\u0161inom selu, Banja Luka<\/a>                <div class=\"esg-overlay eg-galerija-container esg-cover-blend-multiply  esg-transition\" data-duration=\"default\" data-transition=\"esg-fade\"><\/div>\n\n              <div class=\"esg-center eg-galerija-element-3 esg-none esg-clear esg-line-break\"><\/div>\n\t\t\t\t<div class=\"esg-center eg-galerija-element-19-a eg-galerija-element-19-a esg-transition\" data-delay=\"0.15\" data-duration=\"default\" data-transition=\"esg-zoomfront\"><a class=\"eg-galerija-element-19 esgbox\" data-elementor-open-lightbox=\"yes\" data-thumb=\"https:\/\/integral.ba\/wp-content\/uploads\/2019\/07\/most-na-rijeci-Vrbas-Delibasino_selo-BL-1-200x133.jpg\" href=\"https:\/\/integral.ba\/wp-content\/uploads\/2019\/07\/most-na-rijeci-Vrbas-Delibasino_selo-BL-1.jpg\" data-caption=\"&lt;div class=&quot;esgbox-caption-title&quot;&gt;Most na rijeci Vrbas u Deliba\u0161inom selu, Banja Luka&lt;\/div&gt;\"  data-width=\"1200\"  data-height=\"800\" ><i class=\"eg-icon-search\"><\/i><\/a><\/div>\n           <\/div>\n   <\/div>\n\n<\/li>\n<li id=\"eg-3-post-id-8692_9968\" class=\"filterall eg-galerija-wrapper eg-post-id-8692\" data-skin=\"galerija\" data-date=\"1777225570\" >\n    <div class=\"esg-media-cover-wrapper\">\n<div class=\"esg-entry-media\" ><img loading=\"lazy\" decoding=\"async\" class=\"esg-entry-media-img\"  src=\"https:\/\/integral.ba\/wp-content\/uploads\/2019\/07\/most-Zlatica-Podgorica-1.jpg\" data-no-lazy=\"1\" alt=\"\" title=\"Most &quot;Union&quot; na rijeci Mora\u010di, Podgorica (Crna Gora)\" width=\"1200\" height=\"804\"><\/div>\n\n            <div class=\"esg-entry-cover\" data-clickable=\"on\">\n\n<a class=\"eg-invisiblebutton  esgbox\" href=\"https:\/\/integral.ba\/wp-content\/uploads\/2019\/07\/most-Zlatica-Podgorica-1.jpg\" data-elementor-open-lightbox=\"yes\" data-thumb=\"https:\/\/integral.ba\/wp-content\/uploads\/2019\/07\/most-Zlatica-Podgorica-1-200x134.jpg\"  data-caption=\"&lt;div class=&quot;esgbox-caption-title&quot;&gt;Most &quot;Union&quot; na rijeci Mora\u010di, Podgorica (Crna Gora)&lt;\/div&gt;\"  data-width=\"1200\"  data-height=\"804\" >Most &quot;Union&quot; na rijeci Mora\u010di, Podgorica (Crna Gora)<\/a>                <div class=\"esg-overlay eg-galerija-container esg-cover-blend-multiply  esg-transition\" data-duration=\"default\" data-transition=\"esg-fade\"><\/div>\n\n              <div class=\"esg-center eg-galerija-element-3 esg-none esg-clear esg-line-break\"><\/div>\n\t\t\t\t<div class=\"esg-center eg-galerija-element-19-a eg-galerija-element-19-a esg-transition\" data-delay=\"0.15\" data-duration=\"default\" data-transition=\"esg-zoomfront\"><a class=\"eg-galerija-element-19 esgbox\" data-elementor-open-lightbox=\"yes\" data-thumb=\"https:\/\/integral.ba\/wp-content\/uploads\/2019\/07\/most-Zlatica-Podgorica-1-200x134.jpg\" href=\"https:\/\/integral.ba\/wp-content\/uploads\/2019\/07\/most-Zlatica-Podgorica-1.jpg\" data-caption=\"&lt;div class=&quot;esgbox-caption-title&quot;&gt;Most &quot;Union&quot; na rijeci Mora\u010di, Podgorica (Crna Gora)&lt;\/div&gt;\"  data-width=\"1200\"  data-height=\"804\" ><i class=\"eg-icon-search\"><\/i><\/a><\/div>\n           <\/div>\n   <\/div>\n\n<\/li>\n<li id=\"eg-3-post-id-8684_2334\" class=\"filterall eg-galerija-wrapper eg-post-id-8684\" data-skin=\"galerija\" data-date=\"1777225570\" >\n    <div class=\"esg-media-cover-wrapper\">\n<div class=\"esg-entry-media\" ><img loading=\"lazy\" decoding=\"async\" class=\"esg-entry-media-img\"  src=\"https:\/\/integral.ba\/wp-content\/uploads\/2019\/07\/most-Doboj-1.jpg\" data-no-lazy=\"1\" alt=\"\" title=\"Most na rijeci Bosni u Doboju\" width=\"1200\" height=\"753\"><\/div>\n\n            <div class=\"esg-entry-cover\" data-clickable=\"on\">\n\n<a class=\"eg-invisiblebutton  esgbox\" href=\"https:\/\/integral.ba\/wp-content\/uploads\/2019\/07\/most-Doboj-1.jpg\" data-elementor-open-lightbox=\"yes\" data-thumb=\"https:\/\/integral.ba\/wp-content\/uploads\/2019\/07\/most-Doboj-1-200x126.jpg\"  data-caption=\"&lt;div class=&quot;esgbox-caption-title&quot;&gt;Most na rijeci Bosni u Doboju&lt;\/div&gt;\"  data-width=\"1200\"  data-height=\"753\" >Most na rijeci Bosni u Doboju<\/a>                <div class=\"esg-overlay eg-galerija-container esg-cover-blend-multiply  esg-transition\" data-duration=\"default\" data-transition=\"esg-fade\"><\/div>\n\n              <div class=\"esg-center eg-galerija-element-3 esg-none esg-clear esg-line-break\"><\/div>\n\t\t\t\t<div class=\"esg-center eg-galerija-element-19-a eg-galerija-element-19-a esg-transition\" data-delay=\"0.15\" data-duration=\"default\" data-transition=\"esg-zoomfront\"><a class=\"eg-galerija-element-19 esgbox\" data-elementor-open-lightbox=\"yes\" data-thumb=\"https:\/\/integral.ba\/wp-content\/uploads\/2019\/07\/most-Doboj-1-200x126.jpg\" href=\"https:\/\/integral.ba\/wp-content\/uploads\/2019\/07\/most-Doboj-1.jpg\" data-caption=\"&lt;div class=&quot;esgbox-caption-title&quot;&gt;Most na rijeci Bosni u Doboju&lt;\/div&gt;\"  data-width=\"1200\"  data-height=\"753\" ><i class=\"eg-icon-search\"><\/i><\/a><\/div>\n           <\/div>\n   <\/div>\n\n<\/li>\n<li id=\"eg-3-post-id-8682_5444\" class=\"filterall eg-galerija-wrapper eg-post-id-8682\" data-skin=\"galerija\" data-date=\"1777225570\" >\n    <div class=\"esg-media-cover-wrapper\">\n<div class=\"esg-entry-media\" ><img loading=\"lazy\" decoding=\"async\" class=\"esg-entry-media-img\"  src=\"https:\/\/integral.ba\/wp-content\/uploads\/2019\/07\/most_Klasnice-1.jpg\" data-no-lazy=\"1\" alt=\"\" title=\"Most pobjede u Kla\u0161nicama, Lakta\u0161i\" width=\"1200\" height=\"820\"><\/div>\n\n            <div class=\"esg-entry-cover\" data-clickable=\"on\">\n\n<a class=\"eg-invisiblebutton  esgbox\" href=\"https:\/\/integral.ba\/wp-content\/uploads\/2019\/07\/most_Klasnice-1.jpg\" data-elementor-open-lightbox=\"yes\" data-thumb=\"https:\/\/integral.ba\/wp-content\/uploads\/2019\/07\/most_Klasnice-1-200x137.jpg\"  data-caption=\"&lt;div class=&quot;esgbox-caption-title&quot;&gt;Most pobjede u Kla\u0161nicama, Lakta\u0161i&lt;\/div&gt;\"  data-width=\"1200\"  data-height=\"820\" >Most pobjede u Kla\u0161nicama, Lakta\u0161i<\/a>                <div class=\"esg-overlay eg-galerija-container esg-cover-blend-multiply  esg-transition\" data-duration=\"default\" data-transition=\"esg-fade\"><\/div>\n\n              <div class=\"esg-center eg-galerija-element-3 esg-none esg-clear esg-line-break\"><\/div>\n\t\t\t\t<div class=\"esg-center eg-galerija-element-19-a eg-galerija-element-19-a esg-transition\" data-delay=\"0.15\" data-duration=\"default\" data-transition=\"esg-zoomfront\"><a class=\"eg-galerija-element-19 esgbox\" data-elementor-open-lightbox=\"yes\" data-thumb=\"https:\/\/integral.ba\/wp-content\/uploads\/2019\/07\/most_Klasnice-1-200x137.jpg\" href=\"https:\/\/integral.ba\/wp-content\/uploads\/2019\/07\/most_Klasnice-1.jpg\" data-caption=\"&lt;div class=&quot;esgbox-caption-title&quot;&gt;Most pobjede u Kla\u0161nicama, Lakta\u0161i&lt;\/div&gt;\"  data-width=\"1200\"  data-height=\"820\" ><i class=\"eg-icon-search\"><\/i><\/a><\/div>\n           <\/div>\n   <\/div>\n\n<\/li>\n<li id=\"eg-3-post-id-8686_6209\" class=\"filterall eg-galerija-wrapper eg-post-id-8686\" data-skin=\"galerija\" data-date=\"1777225570\" >\n    <div class=\"esg-media-cover-wrapper\">\n<div class=\"esg-entry-media\" ><img loading=\"lazy\" decoding=\"async\" class=\"esg-entry-media-img\"  src=\"https:\/\/integral.ba\/wp-content\/uploads\/2019\/07\/most-na-rijeci-Uni-DonjaGradina_Kozarska_Dubica-1.jpg\" data-no-lazy=\"1\" alt=\"\" title=\"Most &quot;Jasenovac&quot; na rijeci Uni, Donja Gradina (Kozarska Dubica)\" width=\"1200\" height=\"900\"><\/div>\n\n            <div class=\"esg-entry-cover\" data-clickable=\"on\">\n\n<a class=\"eg-invisiblebutton  esgbox\" href=\"https:\/\/integral.ba\/wp-content\/uploads\/2019\/07\/most-na-rijeci-Uni-DonjaGradina_Kozarska_Dubica-1.jpg\" data-elementor-open-lightbox=\"yes\" data-thumb=\"https:\/\/integral.ba\/wp-content\/uploads\/2019\/07\/most-na-rijeci-Uni-DonjaGradina_Kozarska_Dubica-1-200x150.jpg\"  data-caption=\"&lt;div class=&quot;esgbox-caption-title&quot;&gt;Most &quot;Jasenovac&quot; na rijeci Uni, Donja Gradina (Kozarska Dubica)&lt;\/div&gt;\"  data-width=\"1200\"  data-height=\"900\" >Most &quot;Jasenovac&quot; na rijeci Uni, Donja Gradina (Kozarska Dubica)<\/a>                <div class=\"esg-overlay eg-galerija-container esg-cover-blend-multiply  esg-transition\" data-duration=\"default\" data-transition=\"esg-fade\"><\/div>\n\n              <div class=\"esg-center eg-galerija-element-3 esg-none esg-clear esg-line-break\"><\/div>\n\t\t\t\t<div class=\"esg-center eg-galerija-element-19-a eg-galerija-element-19-a esg-transition\" data-delay=\"0.15\" data-duration=\"default\" data-transition=\"esg-zoomfront\"><a class=\"eg-galerija-element-19 esgbox\" data-elementor-open-lightbox=\"yes\" data-thumb=\"https:\/\/integral.ba\/wp-content\/uploads\/2019\/07\/most-na-rijeci-Uni-DonjaGradina_Kozarska_Dubica-1-200x150.jpg\" href=\"https:\/\/integral.ba\/wp-content\/uploads\/2019\/07\/most-na-rijeci-Uni-DonjaGradina_Kozarska_Dubica-1.jpg\" data-caption=\"&lt;div class=&quot;esgbox-caption-title&quot;&gt;Most &quot;Jasenovac&quot; na rijeci Uni, Donja Gradina (Kozarska Dubica)&lt;\/div&gt;\"  data-width=\"1200\"  data-height=\"900\" ><i class=\"eg-icon-search\"><\/i><\/a><\/div>\n           <\/div>\n   <\/div>\n\n<\/li>\n<li id=\"eg-3-post-id-8680_1055\" class=\"filterall eg-galerija-wrapper eg-post-id-8680\" data-skin=\"galerija\" data-date=\"1777225570\" >\n    <div class=\"esg-media-cover-wrapper\">\n<div class=\"esg-entry-media\" ><img loading=\"lazy\" decoding=\"async\" class=\"esg-entry-media-img\"  src=\"https:\/\/integral.ba\/wp-content\/uploads\/2019\/07\/kostrukcija-vijadukt-Trnova-Luka-1.jpg\" data-no-lazy=\"1\" alt=\"\" title=\"Vijadukt Trnova Luka - konstrukcija\" width=\"1200\" height=\"900\"><\/div>\n\n            <div class=\"esg-entry-cover\" data-clickable=\"on\">\n\n<a class=\"eg-invisiblebutton  esgbox\" href=\"https:\/\/integral.ba\/wp-content\/uploads\/2019\/07\/kostrukcija-vijadukt-Trnova-Luka-1.jpg\" data-elementor-open-lightbox=\"yes\" data-thumb=\"https:\/\/integral.ba\/wp-content\/uploads\/2019\/07\/kostrukcija-vijadukt-Trnova-Luka-1-200x150.jpg\"  data-caption=\"&lt;div class=&quot;esgbox-caption-title&quot;&gt;Vijadukt Trnova Luka - konstrukcija&lt;\/div&gt;\"  data-width=\"1200\"  data-height=\"900\" >Vijadukt Trnova Luka - konstrukcija<\/a>                <div class=\"esg-overlay eg-galerija-container esg-cover-blend-multiply  esg-transition\" data-duration=\"default\" data-transition=\"esg-fade\"><\/div>\n\n              <div class=\"esg-center eg-galerija-element-3 esg-none esg-clear esg-line-break\"><\/div>\n\t\t\t\t<div class=\"esg-center eg-galerija-element-19-a eg-galerija-element-19-a esg-transition\" data-delay=\"0.15\" data-duration=\"default\" data-transition=\"esg-zoomfront\"><a class=\"eg-galerija-element-19 esgbox\" data-elementor-open-lightbox=\"yes\" data-thumb=\"https:\/\/integral.ba\/wp-content\/uploads\/2019\/07\/kostrukcija-vijadukt-Trnova-Luka-1-200x150.jpg\" href=\"https:\/\/integral.ba\/wp-content\/uploads\/2019\/07\/kostrukcija-vijadukt-Trnova-Luka-1.jpg\" data-caption=\"&lt;div class=&quot;esgbox-caption-title&quot;&gt;Vijadukt Trnova Luka - konstrukcija&lt;\/div&gt;\"  data-width=\"1200\"  data-height=\"900\" ><i class=\"eg-icon-search\"><\/i><\/a><\/div>\n           <\/div>\n   <\/div>\n\n<\/li>\n<li id=\"eg-3-post-id-8694_7631\" class=\"filterall eg-galerija-wrapper eg-post-id-8694\" data-skin=\"galerija\" data-date=\"1777225570\" >\n    <div class=\"esg-media-cover-wrapper\">\n<div class=\"esg-entry-media\" ><img loading=\"lazy\" decoding=\"async\" class=\"esg-entry-media-img\"  src=\"https:\/\/integral.ba\/wp-content\/uploads\/2019\/07\/noseci-stub-1.jpg\" data-no-lazy=\"1\" alt=\"\" title=\"Vijadukt Trnova Luka - nose\u0107i stub\" width=\"1200\" height=\"898\"><\/div>\n\n            <div class=\"esg-entry-cover\" data-clickable=\"on\">\n\n<a class=\"eg-invisiblebutton  esgbox\" href=\"https:\/\/integral.ba\/wp-content\/uploads\/2019\/07\/noseci-stub-1.jpg\" data-elementor-open-lightbox=\"yes\" data-thumb=\"https:\/\/integral.ba\/wp-content\/uploads\/2019\/07\/noseci-stub-1-200x150.jpg\"  data-caption=\"&lt;div class=&quot;esgbox-caption-title&quot;&gt;Vijadukt Trnova Luka - nose\u0107i stub&lt;\/div&gt;\"  data-width=\"1200\"  data-height=\"898\" >Vijadukt Trnova Luka - nose\u0107i stub<\/a>                <div class=\"esg-overlay eg-galerija-container esg-cover-blend-multiply  esg-transition\" data-duration=\"default\" data-transition=\"esg-fade\"><\/div>\n\n              <div class=\"esg-center eg-galerija-element-3 esg-none esg-clear esg-line-break\"><\/div>\n\t\t\t\t<div class=\"esg-center eg-galerija-element-19-a eg-galerija-element-19-a esg-transition\" data-delay=\"0.15\" data-duration=\"default\" data-transition=\"esg-zoomfront\"><a class=\"eg-galerija-element-19 esgbox\" data-elementor-open-lightbox=\"yes\" data-thumb=\"https:\/\/integral.ba\/wp-content\/uploads\/2019\/07\/noseci-stub-1-200x150.jpg\" href=\"https:\/\/integral.ba\/wp-content\/uploads\/2019\/07\/noseci-stub-1.jpg\" data-caption=\"&lt;div class=&quot;esgbox-caption-title&quot;&gt;Vijadukt Trnova Luka - nose\u0107i stub&lt;\/div&gt;\"  data-width=\"1200\"  data-height=\"898\" ><i class=\"eg-icon-search\"><\/i><\/a><\/div>\n           <\/div>\n   <\/div>\n\n<\/li>\n<li id=\"eg-3-post-id-8690_7761\" class=\"filterall eg-galerija-wrapper eg-post-id-8690\" data-skin=\"galerija\" data-date=\"1777225570\" >\n    <div class=\"esg-media-cover-wrapper\">\n<div class=\"esg-entry-media\" ><img loading=\"lazy\" decoding=\"async\" class=\"esg-entry-media-img\"  src=\"https:\/\/integral.ba\/wp-content\/uploads\/2019\/07\/most-Zlatica-Podgorica-radovi-1.jpg\" data-no-lazy=\"1\" alt=\"\" title=\"Most &quot;Union&quot; Podgorica - radovi\" width=\"1136\" height=\"848\"><\/div>\n\n            <div class=\"esg-entry-cover\" data-clickable=\"on\">\n\n<a class=\"eg-invisiblebutton  esgbox\" href=\"https:\/\/integral.ba\/wp-content\/uploads\/2019\/07\/most-Zlatica-Podgorica-radovi-1.jpg\" data-elementor-open-lightbox=\"yes\" data-thumb=\"https:\/\/integral.ba\/wp-content\/uploads\/2019\/07\/most-Zlatica-Podgorica-radovi-1-200x149.jpg\"  data-caption=\"&lt;div class=&quot;esgbox-caption-title&quot;&gt;Most &quot;Union&quot; Podgorica - radovi&lt;\/div&gt;\"  data-width=\"1136\"  data-height=\"848\" >Most &quot;Union&quot; Podgorica - radovi<\/a>                <div class=\"esg-overlay eg-galerija-container esg-cover-blend-multiply  esg-transition\" data-duration=\"default\" data-transition=\"esg-fade\"><\/div>\n\n              <div class=\"esg-center eg-galerija-element-3 esg-none esg-clear esg-line-break\"><\/div>\n\t\t\t\t<div class=\"esg-center eg-galerija-element-19-a eg-galerija-element-19-a esg-transition\" data-delay=\"0.15\" data-duration=\"default\" data-transition=\"esg-zoomfront\"><a class=\"eg-galerija-element-19 esgbox\" data-elementor-open-lightbox=\"yes\" data-thumb=\"https:\/\/integral.ba\/wp-content\/uploads\/2019\/07\/most-Zlatica-Podgorica-radovi-1-200x149.jpg\" href=\"https:\/\/integral.ba\/wp-content\/uploads\/2019\/07\/most-Zlatica-Podgorica-radovi-1.jpg\" data-caption=\"&lt;div class=&quot;esgbox-caption-title&quot;&gt;Most &quot;Union&quot; Podgorica - radovi&lt;\/div&gt;\"  data-width=\"1136\"  data-height=\"848\" ><i class=\"eg-icon-search\"><\/i><\/a><\/div>\n           <\/div>\n   <\/div>\n\n<\/li>\n<li id=\"eg-3-post-id-8678_4401\" class=\"filterall eg-galerija-wrapper eg-post-id-8678\" data-skin=\"galerija\" data-date=\"1777225570\" >\n    <div class=\"esg-media-cover-wrapper\">\n<div class=\"esg-entry-media\" ><img loading=\"lazy\" decoding=\"async\" class=\"esg-entry-media-img\"  src=\"https:\/\/integral.ba\/wp-content\/uploads\/2019\/07\/armatura-vijadukt-laktasi-1.jpg\" data-no-lazy=\"1\" alt=\"\" title=\"Vijadukt &quot;Lakta\u0161i&quot; u Lakta\u0161ima - armatura\" width=\"1200\" height=\"900\"><\/div>\n\n            <div class=\"esg-entry-cover\" data-clickable=\"on\">\n\n<a class=\"eg-invisiblebutton  esgbox\" href=\"https:\/\/integral.ba\/wp-content\/uploads\/2019\/07\/armatura-vijadukt-laktasi-1.jpg\" data-elementor-open-lightbox=\"yes\" data-thumb=\"https:\/\/integral.ba\/wp-content\/uploads\/2019\/07\/armatura-vijadukt-laktasi-1-200x150.jpg\"  data-caption=\"&lt;div class=&quot;esgbox-caption-title&quot;&gt;Vijadukt &quot;Lakta\u0161i&quot; u Lakta\u0161ima - armatura&lt;\/div&gt;\"  data-width=\"1200\"  data-height=\"900\" >Vijadukt &quot;Lakta\u0161i&quot; u Lakta\u0161ima - armatura<\/a>                <div class=\"esg-overlay eg-galerija-container esg-cover-blend-multiply  esg-transition\" data-duration=\"default\" data-transition=\"esg-fade\"><\/div>\n\n              <div class=\"esg-center eg-galerija-element-3 esg-none esg-clear esg-line-break\"><\/div>\n\t\t\t\t<div class=\"esg-center eg-galerija-element-19-a eg-galerija-element-19-a esg-transition\" data-delay=\"0.15\" data-duration=\"default\" data-transition=\"esg-zoomfront\"><a class=\"eg-galerija-element-19 esgbox\" data-elementor-open-lightbox=\"yes\" data-thumb=\"https:\/\/integral.ba\/wp-content\/uploads\/2019\/07\/armatura-vijadukt-laktasi-1-200x150.jpg\" href=\"https:\/\/integral.ba\/wp-content\/uploads\/2019\/07\/armatura-vijadukt-laktasi-1.jpg\" data-caption=\"&lt;div class=&quot;esgbox-caption-title&quot;&gt;Vijadukt &quot;Lakta\u0161i&quot; u Lakta\u0161ima - armatura&lt;\/div&gt;\"  data-width=\"1200\"  data-height=\"900\" ><i class=\"eg-icon-search\"><\/i><\/a><\/div>\n           <\/div>\n   <\/div>\n\n<\/li>\n<li id=\"eg-3-post-id-8606&quot; ess_grid_gal=&quot;galerija_3035\" class=\"filterall eg-galerija-wrapper eg-post-id-8606&quot; ess_grid_gal=&quot;galerija\" data-skin=\"galerija\" data-date=\"1777225570\" >\n    <div class=\"esg-media-cover-wrapper\">\n<div class=\"esg-entry-media\" ><img loading=\"lazy\" decoding=\"async\" class=\"esg-entry-media-img\"  src=\"https:\/\/integral.ba\/wp-content\/uploads\/2019\/07\/mehanizacija-07-1.jpg\" data-no-lazy=\"1\" alt=\"\" title=\"Most na rijeci Vrbas, autoput Banja Luka - Doboj - mehanizacija\" width=\"1200\" height=\"675\"><\/div>\n\n            <div class=\"esg-entry-cover\" data-clickable=\"on\">\n\n<a class=\"eg-invisiblebutton  esgbox\" href=\"https:\/\/integral.ba\/wp-content\/uploads\/2019\/07\/mehanizacija-07-1.jpg\" data-elementor-open-lightbox=\"yes\" data-thumb=\"https:\/\/integral.ba\/wp-content\/uploads\/2019\/07\/mehanizacija-07-1-200x113.jpg\"  data-caption=\"&lt;div class=&quot;esgbox-caption-title&quot;&gt;Most na rijeci Vrbas, autoput Banja Luka - Doboj - mehanizacija&lt;\/div&gt;\"  data-width=\"1200\"  data-height=\"675\" >Most na rijeci Vrbas, autoput Banja Luka - Doboj - mehanizacija<\/a>                <div class=\"esg-overlay eg-galerija-container esg-cover-blend-multiply  esg-transition\" data-duration=\"default\" data-transition=\"esg-fade\"><\/div>\n\n              <div class=\"esg-center eg-galerija-element-3 esg-none esg-clear esg-line-break\"><\/div>\n\t\t\t\t<div class=\"esg-center eg-galerija-element-19-a eg-galerija-element-19-a esg-transition\" data-delay=\"0.15\" data-duration=\"default\" data-transition=\"esg-zoomfront\"><a class=\"eg-galerija-element-19 esgbox\" data-elementor-open-lightbox=\"yes\" data-thumb=\"https:\/\/integral.ba\/wp-content\/uploads\/2019\/07\/mehanizacija-07-1-200x113.jpg\" href=\"https:\/\/integral.ba\/wp-content\/uploads\/2019\/07\/mehanizacija-07-1.jpg\" data-caption=\"&lt;div class=&quot;esgbox-caption-title&quot;&gt;Most na rijeci Vrbas, autoput Banja Luka - Doboj - mehanizacija&lt;\/div&gt;\"  data-width=\"1200\"  data-height=\"675\" ><i class=\"eg-icon-search\"><\/i><\/a><\/div>\n           <\/div>\n   <\/div>\n\n<\/li>\n<\/ul>\n<article class=\"esg-filters esg-singlefilters\" style=\"margin-top: 0px; text-align: center; \"><div class=\"esg-pagination  esg-fgc-3\" style=\"margin-left: 2.5px; margin-right: 2.5px;\"><\/div><\/article><div class=\"esg-clear-no-height\"><\/div>    <\/div>\n\n<\/article>\n<div class=\"clear\"><\/div>\n<script type=\"text\/javascript\">var essapi_3_img_1;window.ESG ??={};window.ESG.E ??={};window.ESG.E.crossorigin=false;window.ESG.inits ??={};window.ESG.inits.v3_img_1 ??={state:false};window.ESG.inits.v3_img_1.checkResources=() =>{if (window.ESG.inits.v3_img_1.state) return;if (typeof jQuery==='undefined' ||!jQuery?.fn?.tpessential) return setTimeout(window.ESG.inits.v3_img_1.checkResources,29);window.ESG.inits.v3_img_1.state=true;window.ESG.inits.v3_img_1.call();};window.ESG.inits.v3_img_1.call=() =>{jQuery(document).ready(function(){var lightboxOptions={margin:[0,0,0,0],buttons:[\"slideShow\",\"thumbs\",\"close\"],infobar:true,loop:true,slideShow:{\"autoStart\":false,\"speed\":3000},videoAutoPlay:true,animationEffect:\"fade\",animationDuration:500,beforeShow:function(a,c){var i=0,multiple=false;a=a.slides;for(var b in a){i++;if (i > 1){multiple=true;break;}};if (!multiple) jQuery(\"body\").addClass(\"esgbox-single\");if (c.type ===\"image\") jQuery(\".esgbox-button--zoom\").show();if (c.contentType ===\"html\") c.$slide.addClass(\"esgbox-slide--overflow-\" + c.opts.overflow);},beforeLoad:function(a,b){jQuery(\"body\").removeClass(\"esg-four-by-three\");if (b.opts.$orig.data(\"ratio\") ===\"4:3\") jQuery(\"body\").addClass(\"esg-four-by-three\");},afterLoad:function() {jQuery(window).trigger(\"resize.esglb\");},afterClose:function() {jQuery(\"body\").removeClass(\"esgbox-hidearrows esgbox-single\");},transitionEffect:\"fade\",transitionDuration:500,hash:\"group\",arrows:true,wheel:false,touch:{vertical:true,momentum:true },baseClass:\"esgbox-container-3-img\",captionPosition:\"bottom\",overflow:\"auto\",};jQuery(\"#esg-grid-3-img-1\").data(\"lightboxsettings\",lightboxOptions);essapi_3_img_1=jQuery(\"#esg-grid-3-img-1\").tpessential({gridID:3,layout:\"even\",waitForViewport:\"on\",lazyLoad:\"off\",row:3,apiName:\"essapi_3_img_1\",loadMoreAjaxToken:\"2264579754\",loadMoreAjaxUrl:\"https:\/\/integral.ba\/wp-admin\/admin-ajax.php\",loadMoreAjaxAction:\"Essential_Grid_Front_request_ajax\",ajaxContentTarget:\"ess-grid-ajax-container-\",ajaxScrollToOffset:\"0\",ajaxCloseButton:\"off\",ajaxContentSliding:\"on\",ajaxScrollToOnLoad:\"on\",ajaxCallbackArgument:\"off\",ajaxNavButton:\"off\",ajaxCloseType:\"type1\",ajaxCloseInner:\"false\",ajaxCloseStyle:\"light\",ajaxClosePosition:\"tr\",space:10,pageAnimation:\"fade\",videoPlaybackInGrid:\"on\",videoLoopInGrid:\"on\",videoPlaybackOnHover:\"off\",videoInlineMute:\"on\",videoInlineControls:\"on\",keepLayersInline:\"off\",startAnimation:\"none\",startAnimationSpeed:1000,startAnimationDelay:100,startAnimationType:\"item\",animationType:\"item\",paginationScrollToTop:\"off\",paginationAutoplay:\"off\",spinner:\"spinner0\",minVisibleItems:3,evenGridMasonrySkinPusher:\"off\",lightBoxMode:\"all\",lightboxHash:\"group\",lightboxPostMinWid:\"75%\",lightboxPostMaxWid:\"75%\",lightboxSpinner:\"off\",lightBoxFeaturedImg:\"off\",lightBoxPostTitle:\"off\",lightBoxPostTitleTag:\"h2\",lightboxMargin:\"0|0|0|0\",lbContentPadding:\"0|0|0|0\",lbContentOverflow:\"auto\",animSpeed:1000,delayBasic:1,mainhoverdelay:1,filterType:\"single\",showDropFilter:\"hover\",filterGroupClass:\"esg-fgc-3\",filterNoMatch:\"No Items for the Selected Filter\",filterDeepLink:\"off\",hideMarkups:\"on\",youtubeNoCookie:\"false\",convertFilterMobile:false,convertFilterMobileWidth:768,paginationSwipe:\"off\",paginationDragVer:\"on\",pageSwipeThrottle:30,aspectratio:\"4:3\",hideBlankItemsAt:\"1\",responsiveEntries:[{width:1900,amount:4,mmheight:0},{width:1400,amount:4,mmheight:0},{width:1170,amount:4,mmheight:0},{width:1024,amount:4,mmheight:0},{width:960,amount:3,mmheight:0},{width:778,amount:3,mmheight:0},{width:640,amount:3,mmheight:0},{width:480,amount:1,mmheight:0},],googleFonts:[\"Open+Sans:300,400,600,700,800\",\"Raleway:100,200,300,400,500,600,700,800,900\",\"Droid+Serif:400,700\"]  });});};if (document.readyState ===\"loading\")document.addEventListener('readystatechange',function(){if (document.readyState ===\"interactive\" ||document.readyState ===\"complete\") window.ESG.inits.v3_img_1.checkResources();});else window.ESG.inits.v3_img_1.checkResources();<\/script>\n","protected":false},"excerpt":{"rendered":"<p>The ceremonial signing of the Contract for the construction of the bridge over the Vrbas river in the Dolac residential area of the City of Banja Luka was held on November 6, 2020 on the premises of the Banja Luka City Administration. The contract was signed on behalf of the Employer by Mayor Igor Radoji\u010di\u0107, [&hellip;]<\/p>\n","protected":false},"author":2,"featured_media":41436,"comment_status":"closed","ping_status":"closed","sticky":false,"template":"","format":"standard","meta":{"_acf_changed":false,"_et_pb_use_builder":"","_et_pb_old_content":"","_et_gb_content_width":"","inline_featured_image":false,"footnotes":""},"categories":[9],"tags":[],"class_list":["post-41412","post","type-post","status-publish","format-standard","has-post-thumbnail","hentry","category-news"],"acf":[],"yoast_head":"<!-- This site is optimized with the Yoast SEO plugin v27.4 - https:\/\/yoast.com\/product\/yoast-seo-wordpress\/ -->\n<title>Ceremonial signing of the contract on construction of the Bridge over the Vrbas river in Banja Luka - Integral In\u017eenjering<\/title>\n<meta name=\"robots\" content=\"index, follow, max-snippet:-1, max-image-preview:large, max-video-preview:-1\" \/>\n<link rel=\"canonical\" href=\"https:\/\/integral.ba\/en\/svecano-potpisan-ugovor-o-izgradnji-mosta-na-rijeci-vrbas-u-banjoj-luci\/\" \/>\n<meta property=\"og:locale\" content=\"en_US\" \/>\n<meta property=\"og:type\" content=\"article\" \/>\n<meta property=\"og:title\" content=\"Ceremonial signing of the contract on construction of the Bridge over the Vrbas river in Banja Luka - Integral In\u017eenjering\" \/>\n<meta property=\"og:description\" content=\"The ceremonial signing of the Contract for the construction of the bridge over the Vrbas river in the Dolac residential area of the City of Banja Luka was held on November 6, 2020 on the premises of the Banja Luka City Administration. The contract was signed on behalf of the Employer by Mayor Igor Radoji\u010di\u0107, [&hellip;]\" \/>\n<meta property=\"og:url\" content=\"https:\/\/integral.ba\/en\/svecano-potpisan-ugovor-o-izgradnji-mosta-na-rijeci-vrbas-u-banjoj-luci\/\" \/>\n<meta property=\"og:site_name\" content=\"Integral In\u017eenjering\" \/>\n<meta property=\"article:published_time\" content=\"2020-11-06T08:47:35+00:00\" \/>\n<meta property=\"article:modified_time\" content=\"2020-11-16T09:35:44+00:00\" \/>\n<meta property=\"og:image\" content=\"https:\/\/integral.ba\/wp-content\/uploads\/2020\/11\/Most-Dolac_potpisivanje-ugovora.jpg\" \/>\n\t<meta property=\"og:image:width\" content=\"1200\" \/>\n\t<meta property=\"og:image:height\" content=\"800\" \/>\n\t<meta property=\"og:image:type\" content=\"image\/jpeg\" \/>\n<meta name=\"author\" content=\"admin\" \/>\n<meta name=\"twitter:card\" content=\"summary_large_image\" \/>\n<meta name=\"twitter:label1\" content=\"Written by\" \/>\n\t<meta name=\"twitter:data1\" content=\"admin\" \/>\n\t<meta name=\"twitter:label2\" content=\"Est. reading time\" \/>\n\t<meta name=\"twitter:data2\" content=\"2 minutes\" \/>\n<script type=\"application\/ld+json\" class=\"yoast-schema-graph\">{\"@context\":\"https:\\\/\\\/schema.org\",\"@graph\":[{\"@type\":\"Article\",\"@id\":\"https:\\\/\\\/integral.ba\\\/en\\\/svecano-potpisan-ugovor-o-izgradnji-mosta-na-rijeci-vrbas-u-banjoj-luci\\\/#article\",\"isPartOf\":{\"@id\":\"https:\\\/\\\/integral.ba\\\/en\\\/svecano-potpisan-ugovor-o-izgradnji-mosta-na-rijeci-vrbas-u-banjoj-luci\\\/\"},\"author\":{\"name\":\"admin\",\"@id\":\"https:\\\/\\\/integral.ba\\\/en\\\/#\\\/schema\\\/person\\\/26cb2b81b17dc2d39605c57901cc93a5\"},\"headline\":\"Ceremonial signing of the contract on construction of the Bridge over the Vrbas river in Banja Luka\",\"datePublished\":\"2020-11-06T08:47:35+00:00\",\"dateModified\":\"2020-11-16T09:35:44+00:00\",\"mainEntityOfPage\":{\"@id\":\"https:\\\/\\\/integral.ba\\\/en\\\/svecano-potpisan-ugovor-o-izgradnji-mosta-na-rijeci-vrbas-u-banjoj-luci\\\/\"},\"wordCount\":392,\"publisher\":{\"@id\":\"https:\\\/\\\/integral.ba\\\/en\\\/#organization\"},\"image\":{\"@id\":\"https:\\\/\\\/integral.ba\\\/en\\\/svecano-potpisan-ugovor-o-izgradnji-mosta-na-rijeci-vrbas-u-banjoj-luci\\\/#primaryimage\"},\"thumbnailUrl\":\"https:\\\/\\\/integral.ba\\\/wp-content\\\/uploads\\\/2020\\\/11\\\/Most-Dolac_potpisivanje-ugovora.jpg\",\"articleSection\":[\"News\"],\"inLanguage\":\"en-US\"},{\"@type\":\"WebPage\",\"@id\":\"https:\\\/\\\/integral.ba\\\/en\\\/svecano-potpisan-ugovor-o-izgradnji-mosta-na-rijeci-vrbas-u-banjoj-luci\\\/\",\"url\":\"https:\\\/\\\/integral.ba\\\/en\\\/svecano-potpisan-ugovor-o-izgradnji-mosta-na-rijeci-vrbas-u-banjoj-luci\\\/\",\"name\":\"Ceremonial signing of the contract on construction of the Bridge over the Vrbas river in Banja Luka - Integral In\u017eenjering\",\"isPartOf\":{\"@id\":\"https:\\\/\\\/integral.ba\\\/en\\\/#website\"},\"primaryImageOfPage\":{\"@id\":\"https:\\\/\\\/integral.ba\\\/en\\\/svecano-potpisan-ugovor-o-izgradnji-mosta-na-rijeci-vrbas-u-banjoj-luci\\\/#primaryimage\"},\"image\":{\"@id\":\"https:\\\/\\\/integral.ba\\\/en\\\/svecano-potpisan-ugovor-o-izgradnji-mosta-na-rijeci-vrbas-u-banjoj-luci\\\/#primaryimage\"},\"thumbnailUrl\":\"https:\\\/\\\/integral.ba\\\/wp-content\\\/uploads\\\/2020\\\/11\\\/Most-Dolac_potpisivanje-ugovora.jpg\",\"datePublished\":\"2020-11-06T08:47:35+00:00\",\"dateModified\":\"2020-11-16T09:35:44+00:00\",\"breadcrumb\":{\"@id\":\"https:\\\/\\\/integral.ba\\\/en\\\/svecano-potpisan-ugovor-o-izgradnji-mosta-na-rijeci-vrbas-u-banjoj-luci\\\/#breadcrumb\"},\"inLanguage\":\"en-US\",\"potentialAction\":[{\"@type\":\"ReadAction\",\"target\":[\"https:\\\/\\\/integral.ba\\\/en\\\/svecano-potpisan-ugovor-o-izgradnji-mosta-na-rijeci-vrbas-u-banjoj-luci\\\/\"]}]},{\"@type\":\"ImageObject\",\"inLanguage\":\"en-US\",\"@id\":\"https:\\\/\\\/integral.ba\\\/en\\\/svecano-potpisan-ugovor-o-izgradnji-mosta-na-rijeci-vrbas-u-banjoj-luci\\\/#primaryimage\",\"url\":\"https:\\\/\\\/integral.ba\\\/wp-content\\\/uploads\\\/2020\\\/11\\\/Most-Dolac_potpisivanje-ugovora.jpg\",\"contentUrl\":\"https:\\\/\\\/integral.ba\\\/wp-content\\\/uploads\\\/2020\\\/11\\\/Most-Dolac_potpisivanje-ugovora.jpg\",\"width\":1200,\"height\":800},{\"@type\":\"BreadcrumbList\",\"@id\":\"https:\\\/\\\/integral.ba\\\/en\\\/svecano-potpisan-ugovor-o-izgradnji-mosta-na-rijeci-vrbas-u-banjoj-luci\\\/#breadcrumb\",\"itemListElement\":[{\"@type\":\"ListItem\",\"position\":1,\"name\":\"Home\",\"item\":\"https:\\\/\\\/integral.ba\\\/en\\\/?lang=en\"},{\"@type\":\"ListItem\",\"position\":2,\"name\":\"Ceremonial signing of the contract on construction of the Bridge over the Vrbas river in Banja Luka\"}]},{\"@type\":\"WebSite\",\"@id\":\"https:\\\/\\\/integral.ba\\\/en\\\/#website\",\"url\":\"https:\\\/\\\/integral.ba\\\/en\\\/\",\"name\":\"Integral In\u017eenjering\",\"description\":\"iic\",\"publisher\":{\"@id\":\"https:\\\/\\\/integral.ba\\\/en\\\/#organization\"},\"potentialAction\":[{\"@type\":\"SearchAction\",\"target\":{\"@type\":\"EntryPoint\",\"urlTemplate\":\"https:\\\/\\\/integral.ba\\\/en\\\/?s={search_term_string}\"},\"query-input\":{\"@type\":\"PropertyValueSpecification\",\"valueRequired\":true,\"valueName\":\"search_term_string\"}}],\"inLanguage\":\"en-US\"},{\"@type\":\"Organization\",\"@id\":\"https:\\\/\\\/integral.ba\\\/en\\\/#organization\",\"name\":\"Integral In\u017eenjering\",\"url\":\"https:\\\/\\\/integral.ba\\\/en\\\/\",\"logo\":{\"@type\":\"ImageObject\",\"inLanguage\":\"en-US\",\"@id\":\"https:\\\/\\\/integral.ba\\\/en\\\/#\\\/schema\\\/logo\\\/image\\\/\",\"url\":\"https:\\\/\\\/integral.ba\\\/wp-content\\\/uploads\\\/2020\\\/08\\\/favicon.png\",\"contentUrl\":\"https:\\\/\\\/integral.ba\\\/wp-content\\\/uploads\\\/2020\\\/08\\\/favicon.png\",\"width\":512,\"height\":512,\"caption\":\"Integral In\u017eenjering\"},\"image\":{\"@id\":\"https:\\\/\\\/integral.ba\\\/en\\\/#\\\/schema\\\/logo\\\/image\\\/\"},\"sameAs\":[\"https:\\\/\\\/www.youtube.com\\\/user\\\/IntegralGrupa\",\"https:\\\/\\\/sr.wikipedia.org\\\/sr-el\\\/\u0418\u043d\u0442\u0435\u0433\u0440\u0430\u043b_\u0438\u043d\u0436\u0435\u045a\u0435\u0440\u0438\u043d\u0433\"]},{\"@type\":\"Person\",\"@id\":\"https:\\\/\\\/integral.ba\\\/en\\\/#\\\/schema\\\/person\\\/26cb2b81b17dc2d39605c57901cc93a5\",\"name\":\"admin\",\"image\":{\"@type\":\"ImageObject\",\"inLanguage\":\"en-US\",\"@id\":\"https:\\\/\\\/secure.gravatar.com\\\/avatar\\\/382a2dc99ada78464373ee3b839330007497f666902ce4514942fcab7bb7a3f1?s=96&d=mm&r=g\",\"url\":\"https:\\\/\\\/secure.gravatar.com\\\/avatar\\\/382a2dc99ada78464373ee3b839330007497f666902ce4514942fcab7bb7a3f1?s=96&d=mm&r=g\",\"contentUrl\":\"https:\\\/\\\/secure.gravatar.com\\\/avatar\\\/382a2dc99ada78464373ee3b839330007497f666902ce4514942fcab7bb7a3f1?s=96&d=mm&r=g\",\"caption\":\"admin\"}}]}<\/script>\n<!-- \/ Yoast SEO plugin. -->","yoast_head_json":{"title":"Ceremonial signing of the contract on construction of the Bridge over the Vrbas river in Banja Luka - Integral In\u017eenjering","robots":{"index":"index","follow":"follow","max-snippet":"max-snippet:-1","max-image-preview":"max-image-preview:large","max-video-preview":"max-video-preview:-1"},"canonical":"https:\/\/integral.ba\/en\/svecano-potpisan-ugovor-o-izgradnji-mosta-na-rijeci-vrbas-u-banjoj-luci\/","og_locale":"en_US","og_type":"article","og_title":"Ceremonial signing of the contract on construction of the Bridge over the Vrbas river in Banja Luka - Integral In\u017eenjering","og_description":"The ceremonial signing of the Contract for the construction of the bridge over the Vrbas river in the Dolac residential area of the City of Banja Luka was held on November 6, 2020 on the premises of the Banja Luka City Administration. The contract was signed on behalf of the Employer by Mayor Igor Radoji\u010di\u0107, [&hellip;]","og_url":"https:\/\/integral.ba\/en\/svecano-potpisan-ugovor-o-izgradnji-mosta-na-rijeci-vrbas-u-banjoj-luci\/","og_site_name":"Integral In\u017eenjering","article_published_time":"2020-11-06T08:47:35+00:00","article_modified_time":"2020-11-16T09:35:44+00:00","og_image":[{"width":1200,"height":800,"url":"https:\/\/integral.ba\/wp-content\/uploads\/2020\/11\/Most-Dolac_potpisivanje-ugovora.jpg","type":"image\/jpeg"}],"author":"admin","twitter_card":"summary_large_image","twitter_misc":{"Written by":"admin","Est. reading time":"2 minutes"},"schema":{"@context":"https:\/\/schema.org","@graph":[{"@type":"Article","@id":"https:\/\/integral.ba\/en\/svecano-potpisan-ugovor-o-izgradnji-mosta-na-rijeci-vrbas-u-banjoj-luci\/#article","isPartOf":{"@id":"https:\/\/integral.ba\/en\/svecano-potpisan-ugovor-o-izgradnji-mosta-na-rijeci-vrbas-u-banjoj-luci\/"},"author":{"name":"admin","@id":"https:\/\/integral.ba\/en\/#\/schema\/person\/26cb2b81b17dc2d39605c57901cc93a5"},"headline":"Ceremonial signing of the contract on construction of the Bridge over the Vrbas river in Banja Luka","datePublished":"2020-11-06T08:47:35+00:00","dateModified":"2020-11-16T09:35:44+00:00","mainEntityOfPage":{"@id":"https:\/\/integral.ba\/en\/svecano-potpisan-ugovor-o-izgradnji-mosta-na-rijeci-vrbas-u-banjoj-luci\/"},"wordCount":392,"publisher":{"@id":"https:\/\/integral.ba\/en\/#organization"},"image":{"@id":"https:\/\/integral.ba\/en\/svecano-potpisan-ugovor-o-izgradnji-mosta-na-rijeci-vrbas-u-banjoj-luci\/#primaryimage"},"thumbnailUrl":"https:\/\/integral.ba\/wp-content\/uploads\/2020\/11\/Most-Dolac_potpisivanje-ugovora.jpg","articleSection":["News"],"inLanguage":"en-US"},{"@type":"WebPage","@id":"https:\/\/integral.ba\/en\/svecano-potpisan-ugovor-o-izgradnji-mosta-na-rijeci-vrbas-u-banjoj-luci\/","url":"https:\/\/integral.ba\/en\/svecano-potpisan-ugovor-o-izgradnji-mosta-na-rijeci-vrbas-u-banjoj-luci\/","name":"Ceremonial signing of the contract on construction of the Bridge over the Vrbas river in Banja Luka - Integral In\u017eenjering","isPartOf":{"@id":"https:\/\/integral.ba\/en\/#website"},"primaryImageOfPage":{"@id":"https:\/\/integral.ba\/en\/svecano-potpisan-ugovor-o-izgradnji-mosta-na-rijeci-vrbas-u-banjoj-luci\/#primaryimage"},"image":{"@id":"https:\/\/integral.ba\/en\/svecano-potpisan-ugovor-o-izgradnji-mosta-na-rijeci-vrbas-u-banjoj-luci\/#primaryimage"},"thumbnailUrl":"https:\/\/integral.ba\/wp-content\/uploads\/2020\/11\/Most-Dolac_potpisivanje-ugovora.jpg","datePublished":"2020-11-06T08:47:35+00:00","dateModified":"2020-11-16T09:35:44+00:00","breadcrumb":{"@id":"https:\/\/integral.ba\/en\/svecano-potpisan-ugovor-o-izgradnji-mosta-na-rijeci-vrbas-u-banjoj-luci\/#breadcrumb"},"inLanguage":"en-US","potentialAction":[{"@type":"ReadAction","target":["https:\/\/integral.ba\/en\/svecano-potpisan-ugovor-o-izgradnji-mosta-na-rijeci-vrbas-u-banjoj-luci\/"]}]},{"@type":"ImageObject","inLanguage":"en-US","@id":"https:\/\/integral.ba\/en\/svecano-potpisan-ugovor-o-izgradnji-mosta-na-rijeci-vrbas-u-banjoj-luci\/#primaryimage","url":"https:\/\/integral.ba\/wp-content\/uploads\/2020\/11\/Most-Dolac_potpisivanje-ugovora.jpg","contentUrl":"https:\/\/integral.ba\/wp-content\/uploads\/2020\/11\/Most-Dolac_potpisivanje-ugovora.jpg","width":1200,"height":800},{"@type":"BreadcrumbList","@id":"https:\/\/integral.ba\/en\/svecano-potpisan-ugovor-o-izgradnji-mosta-na-rijeci-vrbas-u-banjoj-luci\/#breadcrumb","itemListElement":[{"@type":"ListItem","position":1,"name":"Home","item":"https:\/\/integral.ba\/en\/?lang=en"},{"@type":"ListItem","position":2,"name":"Ceremonial signing of the contract on construction of the Bridge over the Vrbas river in Banja Luka"}]},{"@type":"WebSite","@id":"https:\/\/integral.ba\/en\/#website","url":"https:\/\/integral.ba\/en\/","name":"Integral In\u017eenjering","description":"iic","publisher":{"@id":"https:\/\/integral.ba\/en\/#organization"},"potentialAction":[{"@type":"SearchAction","target":{"@type":"EntryPoint","urlTemplate":"https:\/\/integral.ba\/en\/?s={search_term_string}"},"query-input":{"@type":"PropertyValueSpecification","valueRequired":true,"valueName":"search_term_string"}}],"inLanguage":"en-US"},{"@type":"Organization","@id":"https:\/\/integral.ba\/en\/#organization","name":"Integral In\u017eenjering","url":"https:\/\/integral.ba\/en\/","logo":{"@type":"ImageObject","inLanguage":"en-US","@id":"https:\/\/integral.ba\/en\/#\/schema\/logo\/image\/","url":"https:\/\/integral.ba\/wp-content\/uploads\/2020\/08\/favicon.png","contentUrl":"https:\/\/integral.ba\/wp-content\/uploads\/2020\/08\/favicon.png","width":512,"height":512,"caption":"Integral In\u017eenjering"},"image":{"@id":"https:\/\/integral.ba\/en\/#\/schema\/logo\/image\/"},"sameAs":["https:\/\/www.youtube.com\/user\/IntegralGrupa","https:\/\/sr.wikipedia.org\/sr-el\/\u0418\u043d\u0442\u0435\u0433\u0440\u0430\u043b_\u0438\u043d\u0436\u0435\u045a\u0435\u0440\u0438\u043d\u0433"]},{"@type":"Person","@id":"https:\/\/integral.ba\/en\/#\/schema\/person\/26cb2b81b17dc2d39605c57901cc93a5","name":"admin","image":{"@type":"ImageObject","inLanguage":"en-US","@id":"https:\/\/secure.gravatar.com\/avatar\/382a2dc99ada78464373ee3b839330007497f666902ce4514942fcab7bb7a3f1?s=96&d=mm&r=g","url":"https:\/\/secure.gravatar.com\/avatar\/382a2dc99ada78464373ee3b839330007497f666902ce4514942fcab7bb7a3f1?s=96&d=mm&r=g","contentUrl":"https:\/\/secure.gravatar.com\/avatar\/382a2dc99ada78464373ee3b839330007497f666902ce4514942fcab7bb7a3f1?s=96&d=mm&r=g","caption":"admin"}}]}},"_links":{"self":[{"href":"https:\/\/integral.ba\/en\/wp-json\/wp\/v2\/posts\/41412","targetHints":{"allow":["GET"]}}],"collection":[{"href":"https:\/\/integral.ba\/en\/wp-json\/wp\/v2\/posts"}],"about":[{"href":"https:\/\/integral.ba\/en\/wp-json\/wp\/v2\/types\/post"}],"author":[{"embeddable":true,"href":"https:\/\/integral.ba\/en\/wp-json\/wp\/v2\/users\/2"}],"replies":[{"embeddable":true,"href":"https:\/\/integral.ba\/en\/wp-json\/wp\/v2\/comments?post=41412"}],"version-history":[{"count":7,"href":"https:\/\/integral.ba\/en\/wp-json\/wp\/v2\/posts\/41412\/revisions"}],"predecessor-version":[{"id":41550,"href":"https:\/\/integral.ba\/en\/wp-json\/wp\/v2\/posts\/41412\/revisions\/41550"}],"wp:featuredmedia":[{"embeddable":true,"href":"https:\/\/integral.ba\/en\/wp-json\/wp\/v2\/media\/41436"}],"wp:attachment":[{"href":"https:\/\/integral.ba\/en\/wp-json\/wp\/v2\/media?parent=41412"}],"wp:term":[{"taxonomy":"category","embeddable":true,"href":"https:\/\/integral.ba\/en\/wp-json\/wp\/v2\/categories?post=41412"},{"taxonomy":"post_tag","embeddable":true,"href":"https:\/\/integral.ba\/en\/wp-json\/wp\/v2\/tags?post=41412"}],"curies":[{"name":"wp","href":"https:\/\/api.w.org\/{rel}","templated":true}]}}