{"id":85261,"date":"2021-09-29T10:23:38","date_gmt":"2021-09-29T08:23:38","guid":{"rendered":"https:\/\/integral.ba\/?p=85261"},"modified":"2021-09-29T10:33:44","modified_gmt":"2021-09-29T08:33:44","slug":"detention-unit-in-blazuj-ilidza-sarajevo-commencement-of-works","status":"publish","type":"post","link":"https:\/\/integral.ba\/en\/detention-unit-in-blazuj-ilidza-sarajevo-commencement-of-works\/","title":{"rendered":"Detention Unit in Bla\u017euj (Ilid\u017ea, Sarajevo): Commencement of works"},"content":{"rendered":"\n<p>The consortium consisting of Integral Engineering a.d. Lakta\u0161i and Integra in\u017eenjering d.o.o. Banja Luka began the construction of the Detention Unit of the Sarajevo Penitentiary on September 28, 2021. The works, whose contract value is 8.64 million KM (4.42 m \u20ac) are performed at the location Bla\u017euj-Municipality of Ilid\u017ea, Sarajevo.<\/p>\n\n\n\n<p>The client is the European Union, represented by the European Commission, B-1049 Brussels, Belgium, which finances the project.<\/p>\n\n\n\n<p>Supervision of the works is performed by Safage Bosnia d.o.o., Sarajevo.<\/p>\n\n\n\n<p>The project includes the construction of four facilities for (1) entry control, (2) accommodation of prisoners, (3) administration and (4) service facility, in a total gross area of \u200b\u200b4,375 m<sup>2<\/sup>. When completed, the Detention Unit will provide accommodation for 150 male prisoners.<\/p>\n\n\n\n<p><\/p>\n\n\n\n<p>&nbsp;<\/p>\n\n\n\n<p>&nbsp;<\/p>\n","protected":false},"excerpt":{"rendered":"<p>The consortium consisting of Integral Engineering a.d. Lakta\u0161i and Integra in\u017eenjering d.o.o. Banja Luka began the construction of the Detention Unit of the Sarajevo Penitentiary on September 28, 2021. The works, whose contract value is 8.64 million KM (4.42 m \u20ac) are performed at the location Bla\u017euj-Municipality of Ilid\u017ea, Sarajevo. The client is the European [&hellip;]<\/p>\n","protected":false},"author":2,"featured_media":85252,"comment_status":"closed","ping_status":"closed","sticky":false,"template":"","format":"standard","meta":{"_acf_changed":false,"_et_pb_use_builder":"off","_et_pb_old_content":"","_et_gb_content_width":"","inline_featured_image":false,"footnotes":""},"categories":[9],"tags":[],"class_list":["post-85261","post","type-post","status-publish","format-standard","has-post-thumbnail","hentry","category-news"],"acf":[],"yoast_head":"<!-- This site is optimized with the Yoast SEO plugin v27.4 - https:\/\/yoast.com\/product\/yoast-seo-wordpress\/ -->\n<title>Detention Unit in Bla\u017euj (Ilid\u017ea, Sarajevo): Commencement of works - Integral In\u017eenjering<\/title>\n<meta name=\"robots\" content=\"index, follow, max-snippet:-1, max-image-preview:large, max-video-preview:-1\" \/>\n<link rel=\"canonical\" href=\"https:\/\/integral.ba\/en\/detention-unit-in-blazuj-ilidza-sarajevo-commencement-of-works\/\" \/>\n<meta property=\"og:locale\" content=\"en_US\" \/>\n<meta property=\"og:type\" content=\"article\" \/>\n<meta property=\"og:title\" content=\"Detention Unit in Bla\u017euj (Ilid\u017ea, Sarajevo): Commencement of works - Integral In\u017eenjering\" \/>\n<meta property=\"og:description\" content=\"The consortium consisting of Integral Engineering a.d. Lakta\u0161i and Integra in\u017eenjering d.o.o. Banja Luka began the construction of the Detention Unit of the Sarajevo Penitentiary on September 28, 2021. The works, whose contract value is 8.64 million KM (4.42 m \u20ac) are performed at the location Bla\u017euj-Municipality of Ilid\u017ea, Sarajevo. The client is the European [&hellip;]\" \/>\n<meta property=\"og:url\" content=\"https:\/\/integral.ba\/en\/detention-unit-in-blazuj-ilidza-sarajevo-commencement-of-works\/\" \/>\n<meta property=\"og:site_name\" content=\"Integral In\u017eenjering\" \/>\n<meta property=\"article:published_time\" content=\"2021-09-29T08:23:38+00:00\" \/>\n<meta property=\"article:modified_time\" content=\"2021-09-29T08:33:44+00:00\" \/>\n<meta property=\"og:image\" content=\"https:\/\/integral.ba\/wp-content\/uploads\/2021\/09\/pocetak-radova-KPZ-2.jpg\" \/>\n\t<meta property=\"og:image:width\" content=\"900\" \/>\n\t<meta property=\"og:image:height\" content=\"665\" \/>\n\t<meta property=\"og:image:type\" content=\"image\/jpeg\" \/>\n<meta name=\"author\" content=\"admin\" \/>\n<meta name=\"twitter:card\" content=\"summary_large_image\" \/>\n<meta name=\"twitter:label1\" content=\"Written by\" \/>\n\t<meta name=\"twitter:data1\" content=\"admin\" \/>\n\t<meta name=\"twitter:label2\" content=\"Est. reading time\" \/>\n\t<meta name=\"twitter:data2\" content=\"1 minute\" \/>\n<script type=\"application\/ld+json\" class=\"yoast-schema-graph\">{\"@context\":\"https:\\\/\\\/schema.org\",\"@graph\":[{\"@type\":\"Article\",\"@id\":\"https:\\\/\\\/integral.ba\\\/en\\\/detention-unit-in-blazuj-ilidza-sarajevo-commencement-of-works\\\/#article\",\"isPartOf\":{\"@id\":\"https:\\\/\\\/integral.ba\\\/en\\\/detention-unit-in-blazuj-ilidza-sarajevo-commencement-of-works\\\/\"},\"author\":{\"name\":\"admin\",\"@id\":\"https:\\\/\\\/integral.ba\\\/en\\\/#\\\/schema\\\/person\\\/26cb2b81b17dc2d39605c57901cc93a5\"},\"headline\":\"Detention Unit in Bla\u017euj (Ilid\u017ea, Sarajevo): Commencement of works\",\"datePublished\":\"2021-09-29T08:23:38+00:00\",\"dateModified\":\"2021-09-29T08:33:44+00:00\",\"mainEntityOfPage\":{\"@id\":\"https:\\\/\\\/integral.ba\\\/en\\\/detention-unit-in-blazuj-ilidza-sarajevo-commencement-of-works\\\/\"},\"wordCount\":132,\"publisher\":{\"@id\":\"https:\\\/\\\/integral.ba\\\/en\\\/#organization\"},\"image\":{\"@id\":\"https:\\\/\\\/integral.ba\\\/en\\\/detention-unit-in-blazuj-ilidza-sarajevo-commencement-of-works\\\/#primaryimage\"},\"thumbnailUrl\":\"https:\\\/\\\/integral.ba\\\/wp-content\\\/uploads\\\/2021\\\/09\\\/pocetak-radova-KPZ-2.jpg\",\"articleSection\":[\"News\"],\"inLanguage\":\"en-US\"},{\"@type\":\"WebPage\",\"@id\":\"https:\\\/\\\/integral.ba\\\/en\\\/detention-unit-in-blazuj-ilidza-sarajevo-commencement-of-works\\\/\",\"url\":\"https:\\\/\\\/integral.ba\\\/en\\\/detention-unit-in-blazuj-ilidza-sarajevo-commencement-of-works\\\/\",\"name\":\"Detention Unit in Bla\u017euj (Ilid\u017ea, Sarajevo): Commencement of works - Integral In\u017eenjering\",\"isPartOf\":{\"@id\":\"https:\\\/\\\/integral.ba\\\/en\\\/#website\"},\"primaryImageOfPage\":{\"@id\":\"https:\\\/\\\/integral.ba\\\/en\\\/detention-unit-in-blazuj-ilidza-sarajevo-commencement-of-works\\\/#primaryimage\"},\"image\":{\"@id\":\"https:\\\/\\\/integral.ba\\\/en\\\/detention-unit-in-blazuj-ilidza-sarajevo-commencement-of-works\\\/#primaryimage\"},\"thumbnailUrl\":\"https:\\\/\\\/integral.ba\\\/wp-content\\\/uploads\\\/2021\\\/09\\\/pocetak-radova-KPZ-2.jpg\",\"datePublished\":\"2021-09-29T08:23:38+00:00\",\"dateModified\":\"2021-09-29T08:33:44+00:00\",\"breadcrumb\":{\"@id\":\"https:\\\/\\\/integral.ba\\\/en\\\/detention-unit-in-blazuj-ilidza-sarajevo-commencement-of-works\\\/#breadcrumb\"},\"inLanguage\":\"en-US\",\"potentialAction\":[{\"@type\":\"ReadAction\",\"target\":[\"https:\\\/\\\/integral.ba\\\/en\\\/detention-unit-in-blazuj-ilidza-sarajevo-commencement-of-works\\\/\"]}]},{\"@type\":\"ImageObject\",\"inLanguage\":\"en-US\",\"@id\":\"https:\\\/\\\/integral.ba\\\/en\\\/detention-unit-in-blazuj-ilidza-sarajevo-commencement-of-works\\\/#primaryimage\",\"url\":\"https:\\\/\\\/integral.ba\\\/wp-content\\\/uploads\\\/2021\\\/09\\\/pocetak-radova-KPZ-2.jpg\",\"contentUrl\":\"https:\\\/\\\/integral.ba\\\/wp-content\\\/uploads\\\/2021\\\/09\\\/pocetak-radova-KPZ-2.jpg\",\"width\":900,\"height\":665},{\"@type\":\"BreadcrumbList\",\"@id\":\"https:\\\/\\\/integral.ba\\\/en\\\/detention-unit-in-blazuj-ilidza-sarajevo-commencement-of-works\\\/#breadcrumb\",\"itemListElement\":[{\"@type\":\"ListItem\",\"position\":1,\"name\":\"Home\",\"item\":\"https:\\\/\\\/integral.ba\\\/en\\\/?lang=en\"},{\"@type\":\"ListItem\",\"position\":2,\"name\":\"Detention Unit in Bla\u017euj (Ilid\u017ea, Sarajevo): Commencement of works\"}]},{\"@type\":\"WebSite\",\"@id\":\"https:\\\/\\\/integral.ba\\\/en\\\/#website\",\"url\":\"https:\\\/\\\/integral.ba\\\/en\\\/\",\"name\":\"Integral In\u017eenjering\",\"description\":\"iic\",\"publisher\":{\"@id\":\"https:\\\/\\\/integral.ba\\\/en\\\/#organization\"},\"potentialAction\":[{\"@type\":\"SearchAction\",\"target\":{\"@type\":\"EntryPoint\",\"urlTemplate\":\"https:\\\/\\\/integral.ba\\\/en\\\/?s={search_term_string}\"},\"query-input\":{\"@type\":\"PropertyValueSpecification\",\"valueRequired\":true,\"valueName\":\"search_term_string\"}}],\"inLanguage\":\"en-US\"},{\"@type\":\"Organization\",\"@id\":\"https:\\\/\\\/integral.ba\\\/en\\\/#organization\",\"name\":\"Integral In\u017eenjering\",\"url\":\"https:\\\/\\\/integral.ba\\\/en\\\/\",\"logo\":{\"@type\":\"ImageObject\",\"inLanguage\":\"en-US\",\"@id\":\"https:\\\/\\\/integral.ba\\\/en\\\/#\\\/schema\\\/logo\\\/image\\\/\",\"url\":\"https:\\\/\\\/integral.ba\\\/wp-content\\\/uploads\\\/2020\\\/08\\\/favicon.png\",\"contentUrl\":\"https:\\\/\\\/integral.ba\\\/wp-content\\\/uploads\\\/2020\\\/08\\\/favicon.png\",\"width\":512,\"height\":512,\"caption\":\"Integral In\u017eenjering\"},\"image\":{\"@id\":\"https:\\\/\\\/integral.ba\\\/en\\\/#\\\/schema\\\/logo\\\/image\\\/\"},\"sameAs\":[\"https:\\\/\\\/www.youtube.com\\\/user\\\/IntegralGrupa\",\"https:\\\/\\\/sr.wikipedia.org\\\/sr-el\\\/\u0418\u043d\u0442\u0435\u0433\u0440\u0430\u043b_\u0438\u043d\u0436\u0435\u045a\u0435\u0440\u0438\u043d\u0433\"]},{\"@type\":\"Person\",\"@id\":\"https:\\\/\\\/integral.ba\\\/en\\\/#\\\/schema\\\/person\\\/26cb2b81b17dc2d39605c57901cc93a5\",\"name\":\"admin\",\"image\":{\"@type\":\"ImageObject\",\"inLanguage\":\"en-US\",\"@id\":\"https:\\\/\\\/secure.gravatar.com\\\/avatar\\\/382a2dc99ada78464373ee3b839330007497f666902ce4514942fcab7bb7a3f1?s=96&d=mm&r=g\",\"url\":\"https:\\\/\\\/secure.gravatar.com\\\/avatar\\\/382a2dc99ada78464373ee3b839330007497f666902ce4514942fcab7bb7a3f1?s=96&d=mm&r=g\",\"contentUrl\":\"https:\\\/\\\/secure.gravatar.com\\\/avatar\\\/382a2dc99ada78464373ee3b839330007497f666902ce4514942fcab7bb7a3f1?s=96&d=mm&r=g\",\"caption\":\"admin\"}}]}<\/script>\n<!-- \/ Yoast SEO plugin. -->","yoast_head_json":{"title":"Detention Unit in Bla\u017euj (Ilid\u017ea, Sarajevo): Commencement of works - Integral In\u017eenjering","robots":{"index":"index","follow":"follow","max-snippet":"max-snippet:-1","max-image-preview":"max-image-preview:large","max-video-preview":"max-video-preview:-1"},"canonical":"https:\/\/integral.ba\/en\/detention-unit-in-blazuj-ilidza-sarajevo-commencement-of-works\/","og_locale":"en_US","og_type":"article","og_title":"Detention Unit in Bla\u017euj (Ilid\u017ea, Sarajevo): Commencement of works - Integral In\u017eenjering","og_description":"The consortium consisting of Integral Engineering a.d. Lakta\u0161i and Integra in\u017eenjering d.o.o. Banja Luka began the construction of the Detention Unit of the Sarajevo Penitentiary on September 28, 2021. The works, whose contract value is 8.64 million KM (4.42 m \u20ac) are performed at the location Bla\u017euj-Municipality of Ilid\u017ea, Sarajevo. The client is the European [&hellip;]","og_url":"https:\/\/integral.ba\/en\/detention-unit-in-blazuj-ilidza-sarajevo-commencement-of-works\/","og_site_name":"Integral In\u017eenjering","article_published_time":"2021-09-29T08:23:38+00:00","article_modified_time":"2021-09-29T08:33:44+00:00","og_image":[{"width":900,"height":665,"url":"https:\/\/integral.ba\/wp-content\/uploads\/2021\/09\/pocetak-radova-KPZ-2.jpg","type":"image\/jpeg"}],"author":"admin","twitter_card":"summary_large_image","twitter_misc":{"Written by":"admin","Est. reading time":"1 minute"},"schema":{"@context":"https:\/\/schema.org","@graph":[{"@type":"Article","@id":"https:\/\/integral.ba\/en\/detention-unit-in-blazuj-ilidza-sarajevo-commencement-of-works\/#article","isPartOf":{"@id":"https:\/\/integral.ba\/en\/detention-unit-in-blazuj-ilidza-sarajevo-commencement-of-works\/"},"author":{"name":"admin","@id":"https:\/\/integral.ba\/en\/#\/schema\/person\/26cb2b81b17dc2d39605c57901cc93a5"},"headline":"Detention Unit in Bla\u017euj (Ilid\u017ea, Sarajevo): Commencement of works","datePublished":"2021-09-29T08:23:38+00:00","dateModified":"2021-09-29T08:33:44+00:00","mainEntityOfPage":{"@id":"https:\/\/integral.ba\/en\/detention-unit-in-blazuj-ilidza-sarajevo-commencement-of-works\/"},"wordCount":132,"publisher":{"@id":"https:\/\/integral.ba\/en\/#organization"},"image":{"@id":"https:\/\/integral.ba\/en\/detention-unit-in-blazuj-ilidza-sarajevo-commencement-of-works\/#primaryimage"},"thumbnailUrl":"https:\/\/integral.ba\/wp-content\/uploads\/2021\/09\/pocetak-radova-KPZ-2.jpg","articleSection":["News"],"inLanguage":"en-US"},{"@type":"WebPage","@id":"https:\/\/integral.ba\/en\/detention-unit-in-blazuj-ilidza-sarajevo-commencement-of-works\/","url":"https:\/\/integral.ba\/en\/detention-unit-in-blazuj-ilidza-sarajevo-commencement-of-works\/","name":"Detention Unit in Bla\u017euj (Ilid\u017ea, Sarajevo): Commencement of works - Integral In\u017eenjering","isPartOf":{"@id":"https:\/\/integral.ba\/en\/#website"},"primaryImageOfPage":{"@id":"https:\/\/integral.ba\/en\/detention-unit-in-blazuj-ilidza-sarajevo-commencement-of-works\/#primaryimage"},"image":{"@id":"https:\/\/integral.ba\/en\/detention-unit-in-blazuj-ilidza-sarajevo-commencement-of-works\/#primaryimage"},"thumbnailUrl":"https:\/\/integral.ba\/wp-content\/uploads\/2021\/09\/pocetak-radova-KPZ-2.jpg","datePublished":"2021-09-29T08:23:38+00:00","dateModified":"2021-09-29T08:33:44+00:00","breadcrumb":{"@id":"https:\/\/integral.ba\/en\/detention-unit-in-blazuj-ilidza-sarajevo-commencement-of-works\/#breadcrumb"},"inLanguage":"en-US","potentialAction":[{"@type":"ReadAction","target":["https:\/\/integral.ba\/en\/detention-unit-in-blazuj-ilidza-sarajevo-commencement-of-works\/"]}]},{"@type":"ImageObject","inLanguage":"en-US","@id":"https:\/\/integral.ba\/en\/detention-unit-in-blazuj-ilidza-sarajevo-commencement-of-works\/#primaryimage","url":"https:\/\/integral.ba\/wp-content\/uploads\/2021\/09\/pocetak-radova-KPZ-2.jpg","contentUrl":"https:\/\/integral.ba\/wp-content\/uploads\/2021\/09\/pocetak-radova-KPZ-2.jpg","width":900,"height":665},{"@type":"BreadcrumbList","@id":"https:\/\/integral.ba\/en\/detention-unit-in-blazuj-ilidza-sarajevo-commencement-of-works\/#breadcrumb","itemListElement":[{"@type":"ListItem","position":1,"name":"Home","item":"https:\/\/integral.ba\/en\/?lang=en"},{"@type":"ListItem","position":2,"name":"Detention Unit in Bla\u017euj (Ilid\u017ea, Sarajevo): Commencement of works"}]},{"@type":"WebSite","@id":"https:\/\/integral.ba\/en\/#website","url":"https:\/\/integral.ba\/en\/","name":"Integral In\u017eenjering","description":"iic","publisher":{"@id":"https:\/\/integral.ba\/en\/#organization"},"potentialAction":[{"@type":"SearchAction","target":{"@type":"EntryPoint","urlTemplate":"https:\/\/integral.ba\/en\/?s={search_term_string}"},"query-input":{"@type":"PropertyValueSpecification","valueRequired":true,"valueName":"search_term_string"}}],"inLanguage":"en-US"},{"@type":"Organization","@id":"https:\/\/integral.ba\/en\/#organization","name":"Integral In\u017eenjering","url":"https:\/\/integral.ba\/en\/","logo":{"@type":"ImageObject","inLanguage":"en-US","@id":"https:\/\/integral.ba\/en\/#\/schema\/logo\/image\/","url":"https:\/\/integral.ba\/wp-content\/uploads\/2020\/08\/favicon.png","contentUrl":"https:\/\/integral.ba\/wp-content\/uploads\/2020\/08\/favicon.png","width":512,"height":512,"caption":"Integral In\u017eenjering"},"image":{"@id":"https:\/\/integral.ba\/en\/#\/schema\/logo\/image\/"},"sameAs":["https:\/\/www.youtube.com\/user\/IntegralGrupa","https:\/\/sr.wikipedia.org\/sr-el\/\u0418\u043d\u0442\u0435\u0433\u0440\u0430\u043b_\u0438\u043d\u0436\u0435\u045a\u0435\u0440\u0438\u043d\u0433"]},{"@type":"Person","@id":"https:\/\/integral.ba\/en\/#\/schema\/person\/26cb2b81b17dc2d39605c57901cc93a5","name":"admin","image":{"@type":"ImageObject","inLanguage":"en-US","@id":"https:\/\/secure.gravatar.com\/avatar\/382a2dc99ada78464373ee3b839330007497f666902ce4514942fcab7bb7a3f1?s=96&d=mm&r=g","url":"https:\/\/secure.gravatar.com\/avatar\/382a2dc99ada78464373ee3b839330007497f666902ce4514942fcab7bb7a3f1?s=96&d=mm&r=g","contentUrl":"https:\/\/secure.gravatar.com\/avatar\/382a2dc99ada78464373ee3b839330007497f666902ce4514942fcab7bb7a3f1?s=96&d=mm&r=g","caption":"admin"}}]}},"_links":{"self":[{"href":"https:\/\/integral.ba\/en\/wp-json\/wp\/v2\/posts\/85261","targetHints":{"allow":["GET"]}}],"collection":[{"href":"https:\/\/integral.ba\/en\/wp-json\/wp\/v2\/posts"}],"about":[{"href":"https:\/\/integral.ba\/en\/wp-json\/wp\/v2\/types\/post"}],"author":[{"embeddable":true,"href":"https:\/\/integral.ba\/en\/wp-json\/wp\/v2\/users\/2"}],"replies":[{"embeddable":true,"href":"https:\/\/integral.ba\/en\/wp-json\/wp\/v2\/comments?post=85261"}],"version-history":[{"count":2,"href":"https:\/\/integral.ba\/en\/wp-json\/wp\/v2\/posts\/85261\/revisions"}],"predecessor-version":[{"id":85266,"href":"https:\/\/integral.ba\/en\/wp-json\/wp\/v2\/posts\/85261\/revisions\/85266"}],"wp:featuredmedia":[{"embeddable":true,"href":"https:\/\/integral.ba\/en\/wp-json\/wp\/v2\/media\/85252"}],"wp:attachment":[{"href":"https:\/\/integral.ba\/en\/wp-json\/wp\/v2\/media?parent=85261"}],"wp:term":[{"taxonomy":"category","embeddable":true,"href":"https:\/\/integral.ba\/en\/wp-json\/wp\/v2\/categories?post=85261"},{"taxonomy":"post_tag","embeddable":true,"href":"https:\/\/integral.ba\/en\/wp-json\/wp\/v2\/tags?post=85261"}],"curies":[{"name":"wp","href":"https:\/\/api.w.org\/{rel}","templated":true}]}}