{"id":85780,"date":"2022-04-22T11:54:16","date_gmt":"2022-04-22T09:54:16","guid":{"rendered":"https:\/\/integral.ba\/?p=85780"},"modified":"2022-04-22T12:13:16","modified_gmt":"2022-04-22T10:13:16","slug":"svecno-pustena-u-saobracaj-vezna-saobracajnica-obilaznica-kod-gradiske","status":"publish","type":"post","link":"https:\/\/integral.ba\/en\/svecno-pustena-u-saobracaj-vezna-saobracajnica-obilaznica-kod-gradiske\/","title":{"rendered":"Ceremonial opening to traffic of the connecting road (bypass) near Gradi\u0161ka"},"content":{"rendered":"\n<p><strong>Employer:<\/strong> Public company \u201cAutoputevi Republike Srpske\u201c d.o.o. (LLC) Banja Luka<br><strong>Contractor:<\/strong> Integral in\u017eenjering a.d. (JSC) Lakta\u0161i<br><strong>Value of works:<\/strong> 12.2 million BAM or 6.2 million EUR<br><strong>Funding:<\/strong> Local funds<\/p>\n\n\n\n<p>The Mayor of Gradi\u0161ka, Zoran Ad\u017ei\u0107, and the Assistant Minister in the Ministry of Transport and Communication of the Republika Srpska, Dragan Stanimirovi\u0107, ceremoniously opened to traffic the connecting road (bypass) of the main road M16 Banja Luka \u2013 Gradi\u0161ka, at the section Brestov\u010dina \u2013 \u010catrnja, in the total length of 5.7 km on April 21, 2022. The representatives of institutions of the Republika Srpska, the city administration of the city of Gradi\u0161ka, interested businessmen and citizens attended the ceremony.<\/p>\n\n\n\n<p>The construction of section of the main road, which began in October 2014 and has not been completed, was officially brought to an end with the opening ceremony. On November 2020, the company \u201cIntegral in\u017eenjering\u201c took over and continued the interrupted works, and successfully completed them.<\/p>\n\n\n\n<p>This road will:<\/p>\n\n\n\n<ul class=\"wp-block-list\"><li>serve as a bypass around Gradi\u0161ka, releiving the traffic in the city and surrounding settlements, while a new development ring and space for expansion of the city will be formed around it;<\/li><\/ul>\n\n\n\n<ul class=\"wp-block-list\"><li>provide faster and easier access to the newly constructed border crossing, customs terminal and the bridge over the Sava River on the motorway E661 Gradi\u0161ka \u2013 Banja Luka.<\/li><\/ul>\n\n\n\n<p>Be reminded that the company \u201cIntegral in\u017eenjering\u201c is completing the construction of the bridge over the Sava River, and that on March 19, 2022, the construction of the motorway from the bridge to the village of Novi Varo\u0161 (Croatia) began on the future motorway on the corridor E661 Oku\u010dani \u2013 bridge oveer the Sava River. With the completion of these works and the construction of the customs terminal on the Croatian side, the city of Gradi\u0161ka will be permanently relieved of traffic jams, while at the same time the living and working conditions of citizens and numerous business entities will be significantly improved.<\/p>\n\n\n\n<p><strong>Works on the construction of the connecting road included:<\/strong><\/p>\n\n\n\n<p>\u2022 construction of 5.15 km long section of the main road with a complete drainage system;<br>\u2022 construction of a roundabout;<br>\u2022 construction of 3.95 km long pedestrian and bicycle path and<br>\u2022 installation of complete traffic signalization and road equipment on the entire section.<\/p>\n\n\n\n<p><\/p>\n\n\n\n<div class=\"wp-block-buttons is-layout-flex wp-block-buttons-is-layout-flex\">\n<div class=\"wp-block-button btn_l\"><a class=\"wp-block-button__link\" href=\"https:\/\/integral.ba\/izgradnja-dionice-okucani-granica-bosne-i-hercegovine-i-faza-most-na-granici-preko-rijeke-save\/?lang=en\">Sava Bridge (more about the project) &#8230;<\/a><\/div>\n<\/div>\n\n\n\n<div style=\"height:10px\" aria-hidden=\"true\" class=\"wp-block-spacer\"><\/div>\n\n\n\n<div class=\"wp-block-buttons is-layout-flex wp-block-buttons-is-layout-flex\">\n<div class=\"wp-block-button btn_l\"><a class=\"wp-block-button__link\" href=\"https:\/\/integral.ba\/izgradnja-dionice-brze-ceste-okucani-granica-bih-2-faza-2022\/?lang=en\">Oku\u010dani motorway \u2013 Bosnia and Herzegovina border \/ Phase 2 (more about the project) &#8230;<\/a><\/div>\n<\/div>\n\n\n\n<p><\/p>\n\n\n\n<p><\/p>\n\n\n","protected":false},"excerpt":{"rendered":"<p>Employer: Public company \u201cAutoputevi Republike Srpske\u201c d.o.o. (LLC) Banja LukaContractor: Integral in\u017eenjering a.d. (JSC) Lakta\u0161iValue of works: 12.2 million BAM or 6.2 million EURFunding: Local funds The Mayor of Gradi\u0161ka, Zoran Ad\u017ei\u0107, and the Assistant Minister in the Ministry of Transport and Communication of the Republika Srpska, Dragan Stanimirovi\u0107, ceremoniously opened to traffic the connecting [&hellip;]<\/p>\n","protected":false},"author":2,"featured_media":85784,"comment_status":"closed","ping_status":"closed","sticky":false,"template":"","format":"standard","meta":{"_acf_changed":false,"_et_pb_use_builder":"","_et_pb_old_content":"","_et_gb_content_width":"","inline_featured_image":false,"footnotes":""},"categories":[9],"tags":[],"class_list":["post-85780","post","type-post","status-publish","format-standard","has-post-thumbnail","hentry","category-news"],"acf":[],"yoast_head":"<!-- This site is optimized with the Yoast SEO plugin v27.4 - https:\/\/yoast.com\/product\/yoast-seo-wordpress\/ -->\n<title>Ceremonial opening to traffic of the connecting road (bypass) near Gradi\u0161ka - Integral In\u017eenjering<\/title>\n<meta name=\"robots\" content=\"index, follow, max-snippet:-1, max-image-preview:large, max-video-preview:-1\" \/>\n<link rel=\"canonical\" href=\"https:\/\/integral.ba\/en\/svecno-pustena-u-saobracaj-vezna-saobracajnica-obilaznica-kod-gradiske\/\" \/>\n<meta property=\"og:locale\" content=\"en_US\" \/>\n<meta property=\"og:type\" content=\"article\" \/>\n<meta property=\"og:title\" content=\"Ceremonial opening to traffic of the connecting road (bypass) near Gradi\u0161ka - Integral In\u017eenjering\" \/>\n<meta property=\"og:description\" content=\"Employer: Public company \u201cAutoputevi Republike Srpske\u201c d.o.o. (LLC) Banja LukaContractor: Integral in\u017eenjering a.d. (JSC) Lakta\u0161iValue of works: 12.2 million BAM or 6.2 million EURFunding: Local funds The Mayor of Gradi\u0161ka, Zoran Ad\u017ei\u0107, and the Assistant Minister in the Ministry of Transport and Communication of the Republika Srpska, Dragan Stanimirovi\u0107, ceremoniously opened to traffic the connecting [&hellip;]\" \/>\n<meta property=\"og:url\" content=\"https:\/\/integral.ba\/en\/svecno-pustena-u-saobracaj-vezna-saobracajnica-obilaznica-kod-gradiske\/\" \/>\n<meta property=\"og:site_name\" content=\"Integral In\u017eenjering\" \/>\n<meta property=\"article:published_time\" content=\"2022-04-22T09:54:16+00:00\" \/>\n<meta property=\"article:modified_time\" content=\"2022-04-22T10:13:16+00:00\" \/>\n<meta property=\"og:image\" content=\"https:\/\/integral.ba\/wp-content\/uploads\/2022\/04\/Svecno-pustanje-u-saobracaj.jpg\" \/>\n\t<meta property=\"og:image:width\" content=\"1200\" \/>\n\t<meta property=\"og:image:height\" content=\"659\" \/>\n\t<meta property=\"og:image:type\" content=\"image\/jpeg\" \/>\n<meta name=\"author\" content=\"admin\" \/>\n<meta name=\"twitter:card\" content=\"summary_large_image\" \/>\n<meta name=\"twitter:label1\" content=\"Written by\" \/>\n\t<meta name=\"twitter:data1\" content=\"admin\" \/>\n\t<meta name=\"twitter:label2\" content=\"Est. reading time\" \/>\n\t<meta name=\"twitter:data2\" content=\"2 minutes\" \/>\n<script type=\"application\/ld+json\" class=\"yoast-schema-graph\">{\"@context\":\"https:\\\/\\\/schema.org\",\"@graph\":[{\"@type\":\"Article\",\"@id\":\"https:\\\/\\\/integral.ba\\\/en\\\/svecno-pustena-u-saobracaj-vezna-saobracajnica-obilaznica-kod-gradiske\\\/#article\",\"isPartOf\":{\"@id\":\"https:\\\/\\\/integral.ba\\\/en\\\/svecno-pustena-u-saobracaj-vezna-saobracajnica-obilaznica-kod-gradiske\\\/\"},\"author\":{\"name\":\"admin\",\"@id\":\"https:\\\/\\\/integral.ba\\\/en\\\/#\\\/schema\\\/person\\\/26cb2b81b17dc2d39605c57901cc93a5\"},\"headline\":\"Ceremonial opening to traffic of the connecting road (bypass) near Gradi\u0161ka\",\"datePublished\":\"2022-04-22T09:54:16+00:00\",\"dateModified\":\"2022-04-22T10:13:16+00:00\",\"mainEntityOfPage\":{\"@id\":\"https:\\\/\\\/integral.ba\\\/en\\\/svecno-pustena-u-saobracaj-vezna-saobracajnica-obilaznica-kod-gradiske\\\/\"},\"wordCount\":402,\"publisher\":{\"@id\":\"https:\\\/\\\/integral.ba\\\/en\\\/#organization\"},\"image\":{\"@id\":\"https:\\\/\\\/integral.ba\\\/en\\\/svecno-pustena-u-saobracaj-vezna-saobracajnica-obilaznica-kod-gradiske\\\/#primaryimage\"},\"thumbnailUrl\":\"https:\\\/\\\/integral.ba\\\/wp-content\\\/uploads\\\/2022\\\/04\\\/Svecno-pustanje-u-saobracaj.jpg\",\"articleSection\":[\"News\"],\"inLanguage\":\"en-US\"},{\"@type\":\"WebPage\",\"@id\":\"https:\\\/\\\/integral.ba\\\/en\\\/svecno-pustena-u-saobracaj-vezna-saobracajnica-obilaznica-kod-gradiske\\\/\",\"url\":\"https:\\\/\\\/integral.ba\\\/en\\\/svecno-pustena-u-saobracaj-vezna-saobracajnica-obilaznica-kod-gradiske\\\/\",\"name\":\"Ceremonial opening to traffic of the connecting road (bypass) near Gradi\u0161ka - Integral In\u017eenjering\",\"isPartOf\":{\"@id\":\"https:\\\/\\\/integral.ba\\\/en\\\/#website\"},\"primaryImageOfPage\":{\"@id\":\"https:\\\/\\\/integral.ba\\\/en\\\/svecno-pustena-u-saobracaj-vezna-saobracajnica-obilaznica-kod-gradiske\\\/#primaryimage\"},\"image\":{\"@id\":\"https:\\\/\\\/integral.ba\\\/en\\\/svecno-pustena-u-saobracaj-vezna-saobracajnica-obilaznica-kod-gradiske\\\/#primaryimage\"},\"thumbnailUrl\":\"https:\\\/\\\/integral.ba\\\/wp-content\\\/uploads\\\/2022\\\/04\\\/Svecno-pustanje-u-saobracaj.jpg\",\"datePublished\":\"2022-04-22T09:54:16+00:00\",\"dateModified\":\"2022-04-22T10:13:16+00:00\",\"breadcrumb\":{\"@id\":\"https:\\\/\\\/integral.ba\\\/en\\\/svecno-pustena-u-saobracaj-vezna-saobracajnica-obilaznica-kod-gradiske\\\/#breadcrumb\"},\"inLanguage\":\"en-US\",\"potentialAction\":[{\"@type\":\"ReadAction\",\"target\":[\"https:\\\/\\\/integral.ba\\\/en\\\/svecno-pustena-u-saobracaj-vezna-saobracajnica-obilaznica-kod-gradiske\\\/\"]}]},{\"@type\":\"ImageObject\",\"inLanguage\":\"en-US\",\"@id\":\"https:\\\/\\\/integral.ba\\\/en\\\/svecno-pustena-u-saobracaj-vezna-saobracajnica-obilaznica-kod-gradiske\\\/#primaryimage\",\"url\":\"https:\\\/\\\/integral.ba\\\/wp-content\\\/uploads\\\/2022\\\/04\\\/Svecno-pustanje-u-saobracaj.jpg\",\"contentUrl\":\"https:\\\/\\\/integral.ba\\\/wp-content\\\/uploads\\\/2022\\\/04\\\/Svecno-pustanje-u-saobracaj.jpg\",\"width\":1200,\"height\":659},{\"@type\":\"BreadcrumbList\",\"@id\":\"https:\\\/\\\/integral.ba\\\/en\\\/svecno-pustena-u-saobracaj-vezna-saobracajnica-obilaznica-kod-gradiske\\\/#breadcrumb\",\"itemListElement\":[{\"@type\":\"ListItem\",\"position\":1,\"name\":\"Home\",\"item\":\"https:\\\/\\\/integral.ba\\\/en\\\/?lang=en\"},{\"@type\":\"ListItem\",\"position\":2,\"name\":\"Ceremonial opening to traffic of the connecting road (bypass) near Gradi\u0161ka\"}]},{\"@type\":\"WebSite\",\"@id\":\"https:\\\/\\\/integral.ba\\\/en\\\/#website\",\"url\":\"https:\\\/\\\/integral.ba\\\/en\\\/\",\"name\":\"Integral In\u017eenjering\",\"description\":\"iic\",\"publisher\":{\"@id\":\"https:\\\/\\\/integral.ba\\\/en\\\/#organization\"},\"potentialAction\":[{\"@type\":\"SearchAction\",\"target\":{\"@type\":\"EntryPoint\",\"urlTemplate\":\"https:\\\/\\\/integral.ba\\\/en\\\/?s={search_term_string}\"},\"query-input\":{\"@type\":\"PropertyValueSpecification\",\"valueRequired\":true,\"valueName\":\"search_term_string\"}}],\"inLanguage\":\"en-US\"},{\"@type\":\"Organization\",\"@id\":\"https:\\\/\\\/integral.ba\\\/en\\\/#organization\",\"name\":\"Integral In\u017eenjering\",\"url\":\"https:\\\/\\\/integral.ba\\\/en\\\/\",\"logo\":{\"@type\":\"ImageObject\",\"inLanguage\":\"en-US\",\"@id\":\"https:\\\/\\\/integral.ba\\\/en\\\/#\\\/schema\\\/logo\\\/image\\\/\",\"url\":\"https:\\\/\\\/integral.ba\\\/wp-content\\\/uploads\\\/2020\\\/08\\\/favicon.png\",\"contentUrl\":\"https:\\\/\\\/integral.ba\\\/wp-content\\\/uploads\\\/2020\\\/08\\\/favicon.png\",\"width\":512,\"height\":512,\"caption\":\"Integral In\u017eenjering\"},\"image\":{\"@id\":\"https:\\\/\\\/integral.ba\\\/en\\\/#\\\/schema\\\/logo\\\/image\\\/\"},\"sameAs\":[\"https:\\\/\\\/www.youtube.com\\\/user\\\/IntegralGrupa\",\"https:\\\/\\\/sr.wikipedia.org\\\/sr-el\\\/\u0418\u043d\u0442\u0435\u0433\u0440\u0430\u043b_\u0438\u043d\u0436\u0435\u045a\u0435\u0440\u0438\u043d\u0433\"]},{\"@type\":\"Person\",\"@id\":\"https:\\\/\\\/integral.ba\\\/en\\\/#\\\/schema\\\/person\\\/26cb2b81b17dc2d39605c57901cc93a5\",\"name\":\"admin\",\"image\":{\"@type\":\"ImageObject\",\"inLanguage\":\"en-US\",\"@id\":\"https:\\\/\\\/secure.gravatar.com\\\/avatar\\\/382a2dc99ada78464373ee3b839330007497f666902ce4514942fcab7bb7a3f1?s=96&d=mm&r=g\",\"url\":\"https:\\\/\\\/secure.gravatar.com\\\/avatar\\\/382a2dc99ada78464373ee3b839330007497f666902ce4514942fcab7bb7a3f1?s=96&d=mm&r=g\",\"contentUrl\":\"https:\\\/\\\/secure.gravatar.com\\\/avatar\\\/382a2dc99ada78464373ee3b839330007497f666902ce4514942fcab7bb7a3f1?s=96&d=mm&r=g\",\"caption\":\"admin\"}}]}<\/script>\n<!-- \/ Yoast SEO plugin. -->","yoast_head_json":{"title":"Ceremonial opening to traffic of the connecting road (bypass) near Gradi\u0161ka - Integral In\u017eenjering","robots":{"index":"index","follow":"follow","max-snippet":"max-snippet:-1","max-image-preview":"max-image-preview:large","max-video-preview":"max-video-preview:-1"},"canonical":"https:\/\/integral.ba\/en\/svecno-pustena-u-saobracaj-vezna-saobracajnica-obilaznica-kod-gradiske\/","og_locale":"en_US","og_type":"article","og_title":"Ceremonial opening to traffic of the connecting road (bypass) near Gradi\u0161ka - Integral In\u017eenjering","og_description":"Employer: Public company \u201cAutoputevi Republike Srpske\u201c d.o.o. (LLC) Banja LukaContractor: Integral in\u017eenjering a.d. (JSC) Lakta\u0161iValue of works: 12.2 million BAM or 6.2 million EURFunding: Local funds The Mayor of Gradi\u0161ka, Zoran Ad\u017ei\u0107, and the Assistant Minister in the Ministry of Transport and Communication of the Republika Srpska, Dragan Stanimirovi\u0107, ceremoniously opened to traffic the connecting [&hellip;]","og_url":"https:\/\/integral.ba\/en\/svecno-pustena-u-saobracaj-vezna-saobracajnica-obilaznica-kod-gradiske\/","og_site_name":"Integral In\u017eenjering","article_published_time":"2022-04-22T09:54:16+00:00","article_modified_time":"2022-04-22T10:13:16+00:00","og_image":[{"width":1200,"height":659,"url":"https:\/\/integral.ba\/wp-content\/uploads\/2022\/04\/Svecno-pustanje-u-saobracaj.jpg","type":"image\/jpeg"}],"author":"admin","twitter_card":"summary_large_image","twitter_misc":{"Written by":"admin","Est. reading time":"2 minutes"},"schema":{"@context":"https:\/\/schema.org","@graph":[{"@type":"Article","@id":"https:\/\/integral.ba\/en\/svecno-pustena-u-saobracaj-vezna-saobracajnica-obilaznica-kod-gradiske\/#article","isPartOf":{"@id":"https:\/\/integral.ba\/en\/svecno-pustena-u-saobracaj-vezna-saobracajnica-obilaznica-kod-gradiske\/"},"author":{"name":"admin","@id":"https:\/\/integral.ba\/en\/#\/schema\/person\/26cb2b81b17dc2d39605c57901cc93a5"},"headline":"Ceremonial opening to traffic of the connecting road (bypass) near Gradi\u0161ka","datePublished":"2022-04-22T09:54:16+00:00","dateModified":"2022-04-22T10:13:16+00:00","mainEntityOfPage":{"@id":"https:\/\/integral.ba\/en\/svecno-pustena-u-saobracaj-vezna-saobracajnica-obilaznica-kod-gradiske\/"},"wordCount":402,"publisher":{"@id":"https:\/\/integral.ba\/en\/#organization"},"image":{"@id":"https:\/\/integral.ba\/en\/svecno-pustena-u-saobracaj-vezna-saobracajnica-obilaznica-kod-gradiske\/#primaryimage"},"thumbnailUrl":"https:\/\/integral.ba\/wp-content\/uploads\/2022\/04\/Svecno-pustanje-u-saobracaj.jpg","articleSection":["News"],"inLanguage":"en-US"},{"@type":"WebPage","@id":"https:\/\/integral.ba\/en\/svecno-pustena-u-saobracaj-vezna-saobracajnica-obilaznica-kod-gradiske\/","url":"https:\/\/integral.ba\/en\/svecno-pustena-u-saobracaj-vezna-saobracajnica-obilaznica-kod-gradiske\/","name":"Ceremonial opening to traffic of the connecting road (bypass) near Gradi\u0161ka - Integral In\u017eenjering","isPartOf":{"@id":"https:\/\/integral.ba\/en\/#website"},"primaryImageOfPage":{"@id":"https:\/\/integral.ba\/en\/svecno-pustena-u-saobracaj-vezna-saobracajnica-obilaznica-kod-gradiske\/#primaryimage"},"image":{"@id":"https:\/\/integral.ba\/en\/svecno-pustena-u-saobracaj-vezna-saobracajnica-obilaznica-kod-gradiske\/#primaryimage"},"thumbnailUrl":"https:\/\/integral.ba\/wp-content\/uploads\/2022\/04\/Svecno-pustanje-u-saobracaj.jpg","datePublished":"2022-04-22T09:54:16+00:00","dateModified":"2022-04-22T10:13:16+00:00","breadcrumb":{"@id":"https:\/\/integral.ba\/en\/svecno-pustena-u-saobracaj-vezna-saobracajnica-obilaznica-kod-gradiske\/#breadcrumb"},"inLanguage":"en-US","potentialAction":[{"@type":"ReadAction","target":["https:\/\/integral.ba\/en\/svecno-pustena-u-saobracaj-vezna-saobracajnica-obilaznica-kod-gradiske\/"]}]},{"@type":"ImageObject","inLanguage":"en-US","@id":"https:\/\/integral.ba\/en\/svecno-pustena-u-saobracaj-vezna-saobracajnica-obilaznica-kod-gradiske\/#primaryimage","url":"https:\/\/integral.ba\/wp-content\/uploads\/2022\/04\/Svecno-pustanje-u-saobracaj.jpg","contentUrl":"https:\/\/integral.ba\/wp-content\/uploads\/2022\/04\/Svecno-pustanje-u-saobracaj.jpg","width":1200,"height":659},{"@type":"BreadcrumbList","@id":"https:\/\/integral.ba\/en\/svecno-pustena-u-saobracaj-vezna-saobracajnica-obilaznica-kod-gradiske\/#breadcrumb","itemListElement":[{"@type":"ListItem","position":1,"name":"Home","item":"https:\/\/integral.ba\/en\/?lang=en"},{"@type":"ListItem","position":2,"name":"Ceremonial opening to traffic of the connecting road (bypass) near Gradi\u0161ka"}]},{"@type":"WebSite","@id":"https:\/\/integral.ba\/en\/#website","url":"https:\/\/integral.ba\/en\/","name":"Integral In\u017eenjering","description":"iic","publisher":{"@id":"https:\/\/integral.ba\/en\/#organization"},"potentialAction":[{"@type":"SearchAction","target":{"@type":"EntryPoint","urlTemplate":"https:\/\/integral.ba\/en\/?s={search_term_string}"},"query-input":{"@type":"PropertyValueSpecification","valueRequired":true,"valueName":"search_term_string"}}],"inLanguage":"en-US"},{"@type":"Organization","@id":"https:\/\/integral.ba\/en\/#organization","name":"Integral In\u017eenjering","url":"https:\/\/integral.ba\/en\/","logo":{"@type":"ImageObject","inLanguage":"en-US","@id":"https:\/\/integral.ba\/en\/#\/schema\/logo\/image\/","url":"https:\/\/integral.ba\/wp-content\/uploads\/2020\/08\/favicon.png","contentUrl":"https:\/\/integral.ba\/wp-content\/uploads\/2020\/08\/favicon.png","width":512,"height":512,"caption":"Integral In\u017eenjering"},"image":{"@id":"https:\/\/integral.ba\/en\/#\/schema\/logo\/image\/"},"sameAs":["https:\/\/www.youtube.com\/user\/IntegralGrupa","https:\/\/sr.wikipedia.org\/sr-el\/\u0418\u043d\u0442\u0435\u0433\u0440\u0430\u043b_\u0438\u043d\u0436\u0435\u045a\u0435\u0440\u0438\u043d\u0433"]},{"@type":"Person","@id":"https:\/\/integral.ba\/en\/#\/schema\/person\/26cb2b81b17dc2d39605c57901cc93a5","name":"admin","image":{"@type":"ImageObject","inLanguage":"en-US","@id":"https:\/\/secure.gravatar.com\/avatar\/382a2dc99ada78464373ee3b839330007497f666902ce4514942fcab7bb7a3f1?s=96&d=mm&r=g","url":"https:\/\/secure.gravatar.com\/avatar\/382a2dc99ada78464373ee3b839330007497f666902ce4514942fcab7bb7a3f1?s=96&d=mm&r=g","contentUrl":"https:\/\/secure.gravatar.com\/avatar\/382a2dc99ada78464373ee3b839330007497f666902ce4514942fcab7bb7a3f1?s=96&d=mm&r=g","caption":"admin"}}]}},"_links":{"self":[{"href":"https:\/\/integral.ba\/en\/wp-json\/wp\/v2\/posts\/85780","targetHints":{"allow":["GET"]}}],"collection":[{"href":"https:\/\/integral.ba\/en\/wp-json\/wp\/v2\/posts"}],"about":[{"href":"https:\/\/integral.ba\/en\/wp-json\/wp\/v2\/types\/post"}],"author":[{"embeddable":true,"href":"https:\/\/integral.ba\/en\/wp-json\/wp\/v2\/users\/2"}],"replies":[{"embeddable":true,"href":"https:\/\/integral.ba\/en\/wp-json\/wp\/v2\/comments?post=85780"}],"version-history":[{"count":6,"href":"https:\/\/integral.ba\/en\/wp-json\/wp\/v2\/posts\/85780\/revisions"}],"predecessor-version":[{"id":85797,"href":"https:\/\/integral.ba\/en\/wp-json\/wp\/v2\/posts\/85780\/revisions\/85797"}],"wp:featuredmedia":[{"embeddable":true,"href":"https:\/\/integral.ba\/en\/wp-json\/wp\/v2\/media\/85784"}],"wp:attachment":[{"href":"https:\/\/integral.ba\/en\/wp-json\/wp\/v2\/media?parent=85780"}],"wp:term":[{"taxonomy":"category","embeddable":true,"href":"https:\/\/integral.ba\/en\/wp-json\/wp\/v2\/categories?post=85780"},{"taxonomy":"post_tag","embeddable":true,"href":"https:\/\/integral.ba\/en\/wp-json\/wp\/v2\/tags?post=85780"}],"curies":[{"name":"wp","href":"https:\/\/api.w.org\/{rel}","templated":true}]}}