{"id":86138,"date":"2022-07-29T20:00:00","date_gmt":"2022-07-29T18:00:00","guid":{"rendered":"https:\/\/integral.ba\/most-preko-rijeke-save-kod-gradiske-svecani-zavrsetak-radova\/"},"modified":"2022-09-19T13:11:29","modified_gmt":"2022-09-19T11:11:29","slug":"most-preko-rijeke-save-kod-gradiske-svecani-zavrsetak-radova","status":"publish","type":"post","link":"https:\/\/integral.ba\/en\/most-preko-rijeke-save-kod-gradiske-svecani-zavrsetak-radova\/","title":{"rendered":"Bridge over the Sava River near Gradi\u0161ka: Ceremonial commissioning"},"content":{"rendered":"\n<p>The ceremony held on July 29, 2022, marked the completion of works on the construction of the interstate bridge over the Sava River near Gradi\u0161ka.<\/p>\n\n\n\n<p>The ceremony was attended by:<\/p>\n\n\n\n<ul class=\"wp-block-list\"><li>Milorad Dodik, the Serb&nbsp;member of the BiH Presidency;<\/li><li>Nedeljko \u010cubrilovi\u0107, the Chairman of the National Assembly of the&nbsp;&nbsp;Republic Srpska;<\/li><li>Srebrenka Goli\u0107, the Vice \u2013 Prime Minister and Minister of Spatial Planning Construction and&nbsp;Ecology in the Government of the Republic of Srpska;<\/li><li>Vojin Mitrovi\u0107,&nbsp;the Minister of Communications and Transport in the Council of Ministries of Bosnia and Herzegovina;<\/li><li>Tomislav Mihoti\u0107,&nbsp;the State Secretary in the Ministry for Maritime Affairs, Transport and Infrastructure, Republic of Croatia;<\/li><li>Josip \u0160kori\u0107,&nbsp;the Chairman of the Board, Hrvatske ceste d.o.o. (LLC);<\/li><li>Stefan Eler,&nbsp;&nbsp;the Head, Sector for Cooperation in&nbsp;the European Union Delegation in Bosnia and Herzegovina;<\/li><li>Slobodan Stanarevi\u0107,&nbsp;the&nbsp;acting&nbsp;director of PC \u201cThe Republika Srpska Motorways\u201d;<\/li><li>Dragana Ili\u0107, the Deputy Mayor of the municipality of Gradi\u0161ka;<\/li><li>Contractor\u2019s representatives \u2013 JV \u201eIntegral in\u017eenjering &amp; \u0110uro \u0110akovi\u0107 Monta\u017ea &amp; Zagreb monta\u017ea\u201c;<\/li><li>Engineer\u2019s representatives,&nbsp;&nbsp;JV \u201c&nbsp;\u201eKREBS + KIEFER Eastern Europe GmbH i Institut IGH\u201d&nbsp;<\/li><li>representatives of political and public life.<\/li><\/ul>\n\n\n\n<p>In their speeches, senior officials emphasized the importance of the construction of the bridge and the road section for faster traffic of people and goods, for the smooth and efficient work of control and border authorities, and for a better quality of life in Gradi\u0161ka, that is now overburdened.<\/p>\n\n\n\n<p>The construction of the bridge over the Sava River represents the first phase of works that include the construction of the functional road from Oku\u010dani to the border. The construction of this section of road includes a full motorway profile on the Republika Srpska (Bosnia and Herzegovina) side, a four-lane bridge over the Sava River, a four-lane motorway on the Republic of Croatia side, two separate border crossings, and access roads<\/p>\n\n\n\n<p>Integral in\u017eenjering, as the Main Contractor is very proud that, together with companies \u0110uro \u0110akovi\u0107 Monta\u017ea d.o.o. and Zagreb-Monta\u017ea d.o.o., has successfully implemented this project in the extraordinary conditions of the COVID pandemic and disrupted supply chains caused by geopolitical tensions and conflicts.<\/p>\n\n\n\n<p>Some of the most significant bridges that Integral in\u017eenjering has constructed with its partners are as follows:<\/p>\n\n\n\n<ul class=\"wp-block-list\"><li>bridge over the Sava River near Gradi\u0161ka of the total length l = 462 m (2022);<\/li><li>bridge over the Bosna<strong>&nbsp;<\/strong>River on the Corridor 5c Motorway \u2013 Exit Doboj of the total length l = 228 m (2022);<\/li><li>seven bridges in Grdelica Gorge of the total length of l=2.540 m (Vladi\u010din Han, The Republic of Serbia), (2018);<\/li><li>bridge over the Vrbas River (Lakta\u0161i) of length of l = 340 m (2017);<\/li><li>Lakta\u0161i viaduct (Lakta\u0161i) of length of l = 449 m (2017);<\/li><li>Mahovljani viaduct (Lakta\u0161i) of length of l = 400 m (2017);<\/li><li>bridge over the Bosna River (Doboj) of length of l = 414 m (2016);<\/li><li>Trnova Luka viaduct (\u010cemerno, Gacko) of length of l = 408.00 m (2013).<\/li><\/ul>\n\n\n\n<p>At this moment, Integral in\u017eenjering constructs three big bridges:<\/p>\n\n\n\n<ul class=\"wp-block-list\"><li>bridge over the Trebi\u0161njica River near Trebinje (l = 484 m);<\/li><li>bridge \u201eKanal Nova Sava\u201c on motorway to Oku\u010dani, Croatia (l = 523 m);<\/li><li>bridge over the Bosna<strong>&nbsp;<\/strong>River on the Corridor 5c Motorway&nbsp;near Doboja (l = 326&nbsp;m).<\/li><\/ul>\n\n\n\n<p><\/p>\n\n\n\n<p><\/p>\n\n\n\n<div class=\"wp-block-buttons button_l is-layout-flex wp-block-buttons-is-layout-flex\">\n<div class=\"wp-block-button btn_l\"><a class=\"wp-block-button__link\" href=\"https:\/\/integral.ba\/izgradnja-dionice-okucani-granica-bosne-i-hercegovine-i-faza-most-na-granici-preko-rijeke-save\/?lang=en\">More about the project&#8230;<\/a><\/div>\n<\/div>\n\n\n\n<p><\/p>\n\n\n\n<p><\/p>\n\n\n<style type=\"text\/css\">a.eg-henryharrison-element-1,a.eg-henryharrison-element-2{-webkit-transition:all .4s linear;-moz-transition:all .4s linear;-o-transition:all .4s linear;-ms-transition:all .4s linear;transition:all .4s linear}.eg-jimmy-carter-element-11 i:before{margin-left:0px;margin-right:0px}.eg-harding-element-17{letter-spacing:1px}.eg-harding-wrapper .esg-entry-media{overflow:hidden;box-sizing:border-box;-webkit-box-sizing:border-box;-moz-box-sizing:border-box;padding:30px 30px 0px 30px}.eg-harding-wrapper .esg-media-poster{overflow:hidden;border-radius:50%;-webkit-border-radius:50%;-moz-border-radius:50%}.eg-ulysses-s-grant-wrapper .esg-entry-media{overflow:hidden;box-sizing:border-box;-webkit-box-sizing:border-box;-moz-box-sizing:border-box;padding:30px 30px 0px 30px}.eg-ulysses-s-grant-wrapper .esg-media-poster{overflow:hidden;border-radius:50%;-webkit-border-radius:50%;-moz-border-radius:50%}.eg-richard-nixon-wrapper .esg-entry-media{overflow:hidden;box-sizing:border-box;-webkit-box-sizing:border-box;-moz-box-sizing:border-box;padding:30px 30px 0px 30px}.eg-richard-nixon-wrapper .esg-media-poster{overflow:hidden;border-radius:50%;-webkit-border-radius:50%;-moz-border-radius:50%}.eg-herbert-hoover-wrapper .esg-media-poster{filter:url(\"data:image\/svg+xml;utf8,<svg xmlns='http:\/\/www.w3.org\/2000\/svg'><filter id='grayscale'><feColorMatrix type='matrix' values='0.3333 0.3333 0.3333 0 0 0.3333 0.3333 0.3333 0 0 0.3333 0.3333 0.3333 0 0 0 0 0 1 0'\/><\/filter><\/svg>#grayscale\");filter:gray;-webkit-filter:grayscale(100%)}.eg-herbert-hoover-wrapper:hover .esg-media-poster{filter:url(\"data:image\/svg+xml;utf8,<svg xmlns='http:\/\/www.w3.org\/2000\/svg'><filter id='grayscale'><feColorMatrix type='matrix' values='1 0 0 0 0,0 1 0 0 0,0 0 1 0 0,0 0 0 1 0'\/><\/filter><\/svg>#grayscale\");-webkit-filter:grayscale(0%)}.eg-lyndon-johnson-wrapper .esg-media-poster{filter:url(\"data:image\/svg+xml;utf8,<svg xmlns='http:\/\/www.w3.org\/2000\/svg'><filter id='grayscale'><feColorMatrix type='matrix' values='0.3333 0.3333 0.3333 0 0 0.3333 0.3333 0.3333 0 0 0.3333 0.3333 0.3333 0 0 0 0 0 1 0'\/><\/filter><\/svg>#grayscale\");filter:gray;-webkit-filter:grayscale(100%)}.eg-lyndon-johnson-wrapper:hover .esg-media-poster{filter:url(\"data:image\/svg+xml;utf8,<svg xmlns='http:\/\/www.w3.org\/2000\/svg'><filter id='grayscale'><feColorMatrix type='matrix' values='1 0 0 0 0,0 1 0 0 0,0 0 1 0 0,0 0 0 1 0'\/><\/filter><\/svg>#grayscale\");-webkit-filter:grayscale(0%)}.esg-overlay.eg-ronald-reagan-container {background:-moz-linear-gradient(top,rgba(0,0,0,0) 50%,rgba(0,0,0,0.83) 99%,rgba(0,0,0,0.85) 100%);background:-webkit-gradient(linear,left top,left bottom,color-stop(50%,rgba(0,0,0,0)),color-stop(99%,rgba(0,0,0,0.83)),color-stop(100%,rgba(0,0,0,0.85)));background:-webkit-linear-gradient(top,rgba(0,0,0,0) 50%,rgba(0,0,0,0.83) 99%,rgba(0,0,0,0.85) 100%);background:-o-linear-gradient(top,rgba(0,0,0,0) 50%,rgba(0,0,0,0.83) 99%,rgba(0,0,0,0.85) 100%);background:-ms-linear-gradient(top,rgba(0,0,0,0) 50%,rgba(0,0,0,0.83) 99%,rgba(0,0,0,0.85) 100%);background:linear-gradient(to bottom,rgba(0,0,0,0) 50%,rgba(0,0,0,0.83) 99%,rgba(0,0,0,0.85) 100%);filter:progid:DXImageTransform.Microsoft.gradient( startColorstr='#00000000',endColorstr='#d9000000',GradientType=0 )}.eg-georgebush-wrapper .esg-entry-cover {background:-moz-linear-gradient(top,rgba(0,0,0,0) 50%,rgba(0,0,0,0.83) 99%,rgba(0,0,0,0.85) 100%);background:-webkit-gradient(linear,left top,left bottom,color-stop(50%,rgba(0,0,0,0)),color-stop(99%,rgba(0,0,0,0.83)),color-stop(100%,rgba(0,0,0,0.85)));background:-webkit-linear-gradient(top,rgba(0,0,0,0) 50%,rgba(0,0,0,0.83) 99%,rgba(0,0,0,0.85) 100%);background:-o-linear-gradient(top,rgba(0,0,0,0) 50%,rgba(0,0,0,0.83) 99%,rgba(0,0,0,0.85) 100%);background:-ms-linear-gradient(top,rgba(0,0,0,0) 50%,rgba(0,0,0,0.83) 99%,rgba(0,0,0,0.85) 100%);background:linear-gradient(to bottom,rgba(0,0,0,0) 50%,rgba(0,0,0,0.83) 99%,rgba(0,0,0,0.85) 100%);filter:progid:DXImageTransform.Microsoft.gradient( startColorstr='#00000000',endColorstr='#d9000000',GradientType=0 )}.eg-jefferson-wrapper{-webkit-border-radius:5px !important;-moz-border-radius:5px !important;border-radius:5px !important;-webkit-mask-image:url(data:image\/png;base64,iVBORw0KGgoAAAANSUhEUgAAAAEAAAABCAIAAACQd1PeAAAAGXRFWHRTb2Z0d2FyZQBBZG9iZSBJbWFnZVJlYWR5ccllPAAAAA5JREFUeNpiYGBgAAgwAAAEAAGbA+oJAAAAAElFTkSuQmCC) !important}.eg-monroe-element-1{text-shadow:0px 1px 3px rgba(0,0,0,0.1)}.eg-lyndon-johnson-wrapper .esg-entry-cover{background:-moz-radial-gradient(center,ellipse cover,rgba(0,0,0,0.35) 0%,rgba(18,18,18,0) 96%,rgba(19,19,19,0) 100%);background:-webkit-gradient(radial,center center,0px,center center,100%,color-stop(0%,rgba(0,0,0,0.35)),color-stop(96%,rgba(18,18,18,0)),color-stop(100%,rgba(19,19,19,0)));background:-webkit-radial-gradient(center,ellipse cover,rgba(0,0,0,0.35) 0%,rgba(18,18,18,0) 96%,rgba(19,19,19,0) 100%);background:-o-radial-gradient(center,ellipse cover,rgba(0,0,0,0.35) 0%,rgba(18,18,18,0) 96%,rgba(19,19,19,0) 100%);background:-ms-radial-gradient(center,ellipse cover,rgba(0,0,0,0.35) 0%,rgba(18,18,18,0) 96%,rgba(19,19,19,0) 100%);background:radial-gradient(ellipse at center,rgba(0,0,0,0.35) 0%,rgba(18,18,18,0) 96%,rgba(19,19,19,0) 100%);filter:progid:DXImageTransform.Microsoft.gradient( startColorstr='#59000000',endColorstr='#00131313',GradientType=1 )}.eg-wilbert-wrapper .esg-entry-cover{background:-moz-radial-gradient(center,ellipse cover,rgba(0,0,0,0.35) 0%,rgba(18,18,18,0) 96%,rgba(19,19,19,0) 100%);background:-webkit-gradient(radial,center center,0px,center center,100%,color-stop(0%,rgba(0,0,0,0.35)),color-stop(96%,rgba(18,18,18,0)),color-stop(100%,rgba(19,19,19,0)));background:-webkit-radial-gradient(center,ellipse cover,rgba(0,0,0,0.35) 0%,rgba(18,18,18,0) 96%,rgba(19,19,19,0) 100%);background:-o-radial-gradient(center,ellipse cover,rgba(0,0,0,0.35) 0%,rgba(18,18,18,0) 96%,rgba(19,19,19,0) 100%);background:-ms-radial-gradient(center,ellipse cover,rgba(0,0,0,0.35) 0%,rgba(18,18,18,0) 96%,rgba(19,19,19,0) 100%);background:radial-gradient(ellipse at center,rgba(0,0,0,0.35) 0%,rgba(18,18,18,0) 96%,rgba(19,19,19,0) 100%);filter:progid:DXImageTransform.Microsoft.gradient( startColorstr='#59000000',endColorstr='#00131313',GradientType=1 )}.eg-wilbert-wrapper .esg-media-poster{-webkit-transition:0.4s ease-in-out;-moz-transition:0.4s ease-in-out;-o-transition:0.4s ease-in-out;transition:0.4s ease-in-out;filter:url(\"data:image\/svg+xml;utf8,<svg xmlns='http:\/\/www.w3.org\/2000\/svg'><filter id='grayscale'><feColorMatrix type='matrix' values='0.3333 0.3333 0.3333 0 0 0.3333 0.3333 0.3333 0 0 0.3333 0.3333 0.3333 0 0 0 0 0 1 0'\/><\/filter><\/svg>#grayscale\");filter:gray;-webkit-filter:grayscale(100%)}.eg-wilbert-wrapper:hover .esg-media-poster{filter:url(\"data:image\/svg+xml;utf8,<svg xmlns='http:\/\/www.w3.org\/2000\/svg'><filter id='grayscale'><feColorMatrix type='matrix' values='1 0 0 0 0,0 1 0 0 0,0 0 1 0 0,0 0 0 1 0'\/><\/filter><\/svg>#grayscale\");-webkit-filter:grayscale(0%)}.eg-phillie-element-3:after{content:\" \";width:0px;height:0px;border-style:solid;border-width:5px 5px 0 5px;border-color:#000 transparent transparent transparent;left:50%;margin-left:-5px;bottom:-5px;position:absolute}.eg-howardtaft-wrapper .esg-media-poster{filter:url(\"data:image\/svg+xml;utf8,<svg xmlns='http:\/\/www.w3.org\/2000\/svg'><filter id='grayscale'><feColorMatrix type='matrix' values='1 0 0 0 0,0 1 0 0 0,0 0 1 0 0,0 0 0 1 0'\/><\/filter><\/svg>#grayscale\");-webkit-filter:grayscale(0%)}.eg-howardtaft-wrapper:hover .esg-media-poster{filter:url(\"data:image\/svg+xml;utf8,<svg xmlns='http:\/\/www.w3.org\/2000\/svg'><filter id='grayscale'><feColorMatrix type='matrix' values='0.3333 0.3333 0.3333 0 0 0.3333 0.3333 0.3333 0 0 0.3333 0.3333 0.3333 0 0 0 0 0 1 0'\/><\/filter><\/svg>#grayscale\");filter:gray;-webkit-filter:grayscale(100%)}.myportfolio-container .added_to_cart.wc-forward{font-family:\"Open Sans\";font-size:13px;color:#fff;margin-top:10px}.esgbox-title.esgbox-title-outside-wrap{font-size:15px;font-weight:700;text-align:center}.esgbox-title.esgbox-title-inside-wrap{padding-bottom:10px;font-size:15px;font-weight:700;text-align:center}.esg-content.eg-twitterstream-element-33-a{display:inline-block}.eg-twitterstream-element-35{word-break:break-all}.esg-overlay.eg-twitterstream-container {background:-moz-linear-gradient(top,rgba(0,0,0,0) 50%,rgba(0,0,0,0.83) 99%,rgba(0,0,0,0.85) 100%);background:-webkit-gradient(linear,left top,left bottom,color-stop(50%,rgba(0,0,0,0)),color-stop(99%,rgba(0,0,0,0.83)),color-stop(100%,rgba(0,0,0,0.85)));background:-webkit-linear-gradient(top,rgba(0,0,0,0) 50%,rgba(0,0,0,0.83) 99%,rgba(0,0,0,0.85) 100%);background:-o-linear-gradient(top,rgba(0,0,0,0) 50%,rgba(0,0,0,0.83) 99%,rgba(0,0,0,0.85) 100%);background:-ms-linear-gradient(top,rgba(0,0,0,0) 50%,rgba(0,0,0,0.83) 99%,rgba(0,0,0,0.85) 100%);background:linear-gradient(to bottom,rgba(0,0,0,0) 50%,rgba(0,0,0,0.83) 99%,rgba(0,0,0,0.85) 100%);filter:progid:DXImageTransform.Microsoft.gradient( startColorstr='#00000000',endColorstr='#d9000000',GradientType=0 )}.esg-content.eg-facebookstream-element-33-a{display:inline-block}.eg-facebookstream-element-0{word-break:break-all}.esg-overlay.eg-flickrstream-container {background:-moz-linear-gradient(top,rgba(0,0,0,0) 50%,rgba(0,0,0,0.83) 99%,rgba(0,0,0,0.85) 100%);background:-webkit-gradient(linear,left top,left bottom,color-stop(50%,rgba(0,0,0,0)),color-stop(99%,rgba(0,0,0,0.83)),color-stop(100%,rgba(0,0,0,0.85)));background:-webkit-linear-gradient(top,rgba(0,0,0,0) 50%,rgba(0,0,0,0.83) 99%,rgba(0,0,0,0.85) 100%);background:-o-linear-gradient(top,rgba(0,0,0,0) 50%,rgba(0,0,0,0.83) 99%,rgba(0,0,0,0.85) 100%);background:-ms-linear-gradient(top,rgba(0,0,0,0) 50%,rgba(0,0,0,0.83) 99%,rgba(0,0,0,0.85) 100%);background:linear-gradient(to bottom,rgba(0,0,0,0) 50%,rgba(0,0,0,0.83) 99%,rgba(0,0,0,0.85) 100%);filter:progid:DXImageTransform.Microsoft.gradient( startColorstr='#00000000',endColorstr='#d9000000',GradientType=0 )}<\/style>\n<style type=\"text\/css\">.minimal-light .navigationbuttons,.minimal-light .esg-pagination,.minimal-light .esg-filters{text-align:center}.minimal-light .esg-filterbutton,.minimal-light .esg-navigationbutton,.minimal-light .esg-sortbutton,.minimal-light .esg-cartbutton a{color:#999;margin-right:5px;cursor:pointer;padding:0px 16px;border:1px solid #e5e5e5;line-height:38px;border-radius:5px;-moz-border-radius:5px;-webkit-border-radius:5px;font-size:12px;font-weight:700;font-family:\"Open Sans\",sans-serif;display:inline-block;background:#fff;margin-bottom:5px}.minimal-light .esg-navigationbutton *{color:#999}.minimal-light .esg-navigationbutton{padding:0px 16px}.minimal-light .esg-pagination-button:last-child{margin-right:0}.minimal-light .esg-left,.minimal-light .esg-right{padding:0px 11px}.minimal-light  .esg-sortbutton-wrapper,.minimal-light  .esg-cartbutton-wrapper{display:inline-block}.minimal-light  .esg-sortbutton-order,.minimal-light  .esg-cartbutton-order{display:inline-block;vertical-align:top;border:1px solid #e5e5e5;width:40px;line-height:38px;border-radius:0px 5px 5px 0px;-moz-border-radius:0px 5px 5px 0px;-webkit-border-radius:0px 5px 5px 0px;font-size:12px;font-weight:700;color:#999;cursor:pointer;background:#fff}.minimal-light .esg-cartbutton{color:#333;cursor:default !important}.minimal-light .esg-cartbutton .esgicon-basket {color:#333;font-size:15px;line-height:15px;margin-right:10px}.minimal-light  .esg-cartbutton-wrapper{cursor:default !important}.minimal-light .esg-sortbutton,.minimal-light .esg-cartbutton{display:inline-block;position:relative;cursor:pointer;margin-right:0px;border-right:none;border-radius:5px 0px 0px 5px;-moz-border-radius:5px 0px 0px 5px;-webkit-border-radius:5px 0px 0px 5px}.minimal-light .esg-navigationbutton:hover,.minimal-light .esg-filterbutton:hover,.minimal-light .esg-sortbutton:hover,.minimal-light .esg-sortbutton-order:hover,.minimal-light .esg-cartbutton a:hover,.minimal-light .esg-filterbutton.selected{background-color:#fff;border-color:#bbb;color:#333;box-shadow:0px 3px 5px 0px rgba(0,0,0,0.13)}.minimal-light .esg-navigationbutton:hover *{color:#333}.minimal-light .esg-sortbutton-order.tp-desc:hover{border-color:#bbb;color:#333;box-shadow:0px -3px 5px 0px rgba(0,0,0,0.13) !important}.minimal-light .esg-filter-checked{padding:1px 3px;color:#cbcbcb;background:#cbcbcb;margin-left:7px;font-size:9px;font-weight:300;line-height:9px;vertical-align:middle}.minimal-light .esg-filterbutton.selected .esg-filter-checked,.minimal-light .esg-filterbutton:hover .esg-filter-checked{padding:1px 3px 1px 3px;color:#fff;background:#000;margin-left:7px;font-size:9px;font-weight:300;line-height:9px;vertical-align:middle}<\/style>\n<style>.eg-galerija-element-19{font-size:24px;line-height:22px;color:#ffffff;font-weight:400;padding:0px 0px 0px 0px;border-radius:0px 0px 0px 0px;background:transparent;z-index:2 !important;display:inline-block;border-top-width:0px;border-right-width:0px;border-bottom-width:0px;border-left-width:0px;border-color:#ffffff;border-style:solid}<\/style>\n<style>.eg-galerija-element-19:hover{font-size:24px;line-height:22px;color:#ffffff;font-weight:400;border-radius:60px 60px 60px 60px;background:transparent;border-top-width:0px;border-right-width:0px;border-bottom-width:0px;border-left-width:0px;border-color:#ffffff;border-style:solid}<\/style>\n<style>.eg-galerija-element-19-a{display:inline-block;float:none;clear:none;margin:0px 10px 0px 10px;position:relative}<\/style>\n<style>.eg-galerija-container{background:rgba(0,0,0,0.53)}<\/style>\n<style>.eg-galerija-content{background:#000000;padding:0px 0px 0px 0px;border-width:0px 0px 0px 0px;border-radius:0px 0px 0px 0px;border-color:transparent;border-style:none;text-align:left}<\/style>\n<style>.esg-grid .mainul li.eg-galerija-wrapper{background:#000000;padding:0px 0px 0px 0px;border-width:0px 0px 0px 0px;border-radius:0px 0px 0px 0px;border-color:transparent;border-style:none}<\/style>\n<style>.esg-grid .mainul li.eg-galerija-wrapper .esg-media-poster{background-size:cover;background-position:center center;background-repeat:no-repeat}<\/style>\n<article id=\"esg-grid-3-img-1-wrap\" class=\"myportfolio-container esg-grid-wrap-container minimal-light esg-entry-skin-galerija source_type_gallery\" data-alias=\"galerija\" data-version=\"3.1.11\" data-source=\"gallery\">\n\n   <div id=\"esg-grid-3-img-1\" class=\"esg-grid\" style=\"background: transparent;padding: 0px 0px 0px 0px ; box-sizing:border-box; -moz-box-sizing:border-box; -webkit-box-sizing:border-box; display:none\">\n<ul>\n<li id=\"eg-3-post-id-86108_9300\" class=\"filterall eg-galerija-wrapper eg-post-id-86108\" data-skin=\"galerija\" data-date=\"1777225569\" >\n    <div class=\"esg-media-cover-wrapper\">\n<div class=\"esg-entry-media\" ><img loading=\"lazy\" decoding=\"async\" class=\"esg-entry-media-img\"  src=\"https:\/\/integral.ba\/wp-content\/uploads\/2022\/07\/Most-na-rijeci-Savi-kod-Gradis\u030cke-2.jpg\" data-no-lazy=\"1\" alt=\"\" title=\"Most na rijeci Savi kod Gradis\u030cke 2\" width=\"938\" height=\"541\"><\/div>\n\n            <div class=\"esg-entry-cover\" data-clickable=\"on\">\n\n<a class=\"eg-invisiblebutton  esgbox\" href=\"https:\/\/integral.ba\/wp-content\/uploads\/2022\/07\/Most-na-rijeci-Savi-kod-Gradis\u030cke-2.jpg\" data-elementor-open-lightbox=\"yes\" data-thumb=\"https:\/\/integral.ba\/wp-content\/uploads\/2022\/07\/Most-na-rijeci-Savi-kod-Gradis\u030cke-2-200x115.jpg\"  data-caption=\"&lt;div class=&quot;esgbox-caption-title&quot;&gt;Most na rijeci Savi kod Gradis\u030cke 2&lt;\/div&gt;\"  data-width=\"938\"  data-height=\"541\" >Most na rijeci Savi kod Gradis\u030cke 2<\/a>                <div class=\"esg-overlay eg-galerija-container esg-cover-blend-multiply  esg-transition\" data-duration=\"default\" data-transition=\"esg-fade\"><\/div>\n\n              <div class=\"esg-center eg-galerija-element-3 esg-none esg-clear esg-line-break\"><\/div>\n\t\t\t\t<div class=\"esg-center eg-galerija-element-19-a eg-galerija-element-19-a esg-transition\" data-delay=\"0.15\" data-duration=\"default\" data-transition=\"esg-zoomfront\"><a class=\"eg-galerija-element-19 esgbox\" data-elementor-open-lightbox=\"yes\" data-thumb=\"https:\/\/integral.ba\/wp-content\/uploads\/2022\/07\/Most-na-rijeci-Savi-kod-Gradis\u030cke-2-200x115.jpg\" href=\"https:\/\/integral.ba\/wp-content\/uploads\/2022\/07\/Most-na-rijeci-Savi-kod-Gradis\u030cke-2.jpg\" data-caption=\"&lt;div class=&quot;esgbox-caption-title&quot;&gt;Most na rijeci Savi kod Gradis\u030cke 2&lt;\/div&gt;\"  data-width=\"938\"  data-height=\"541\" ><i class=\"eg-icon-search\"><\/i><\/a><\/div>\n           <\/div>\n   <\/div>\n\n<\/li>\n<li id=\"eg-3-post-id-86110_7738\" class=\"filterall eg-galerija-wrapper eg-post-id-86110\" data-skin=\"galerija\" data-date=\"1777225569\" >\n    <div class=\"esg-media-cover-wrapper\">\n<div class=\"esg-entry-media\" ><img loading=\"lazy\" decoding=\"async\" class=\"esg-entry-media-img\"  src=\"https:\/\/integral.ba\/wp-content\/uploads\/2022\/07\/Most-na-rijeci-Savi-kod-Gradis\u030cke-.jpg\" data-no-lazy=\"1\" alt=\"\" title=\"Most na rijeci Savi kod Gradis\u030cke\" width=\"938\" height=\"528\"><\/div>\n\n            <div class=\"esg-entry-cover\" data-clickable=\"on\">\n\n<a class=\"eg-invisiblebutton  esgbox\" href=\"https:\/\/integral.ba\/wp-content\/uploads\/2022\/07\/Most-na-rijeci-Savi-kod-Gradis\u030cke-.jpg\" data-elementor-open-lightbox=\"yes\" data-thumb=\"https:\/\/integral.ba\/wp-content\/uploads\/2022\/07\/Most-na-rijeci-Savi-kod-Gradis\u030cke--200x113.jpg\"  data-caption=\"&lt;div class=&quot;esgbox-caption-title&quot;&gt;Most na rijeci Savi kod Gradis\u030cke&lt;\/div&gt;\"  data-width=\"938\"  data-height=\"528\" >Most na rijeci Savi kod Gradis\u030cke<\/a>                <div class=\"esg-overlay eg-galerija-container esg-cover-blend-multiply  esg-transition\" data-duration=\"default\" data-transition=\"esg-fade\"><\/div>\n\n              <div class=\"esg-center eg-galerija-element-3 esg-none esg-clear esg-line-break\"><\/div>\n\t\t\t\t<div class=\"esg-center eg-galerija-element-19-a eg-galerija-element-19-a esg-transition\" data-delay=\"0.15\" data-duration=\"default\" data-transition=\"esg-zoomfront\"><a class=\"eg-galerija-element-19 esgbox\" data-elementor-open-lightbox=\"yes\" data-thumb=\"https:\/\/integral.ba\/wp-content\/uploads\/2022\/07\/Most-na-rijeci-Savi-kod-Gradis\u030cke--200x113.jpg\" href=\"https:\/\/integral.ba\/wp-content\/uploads\/2022\/07\/Most-na-rijeci-Savi-kod-Gradis\u030cke-.jpg\" data-caption=\"&lt;div class=&quot;esgbox-caption-title&quot;&gt;Most na rijeci Savi kod Gradis\u030cke&lt;\/div&gt;\"  data-width=\"938\"  data-height=\"528\" ><i class=\"eg-icon-search\"><\/i><\/a><\/div>\n           <\/div>\n   <\/div>\n\n<\/li>\n<li id=\"eg-3-post-id-86014_5140\" class=\"filterall eg-galerija-wrapper eg-post-id-86014\" data-skin=\"galerija\" data-date=\"1777225569\" >\n    <div class=\"esg-media-cover-wrapper\">\n<div class=\"esg-entry-media\" ><img loading=\"lazy\" decoding=\"async\" class=\"esg-entry-media-img\"  src=\"https:\/\/integral.ba\/wp-content\/uploads\/2022\/05\/Most-Sava-kod-Gradiske-izgled-konstrukcije.jpg\" data-no-lazy=\"1\" alt=\"\" title=\"Most Sava kod Gradi\u0161ke - izgled konstrukcije\" width=\"1200\" height=\"800\"><\/div>\n\n            <div class=\"esg-entry-cover\" data-clickable=\"on\">\n\n<a class=\"eg-invisiblebutton  esgbox\" href=\"https:\/\/integral.ba\/wp-content\/uploads\/2022\/05\/Most-Sava-kod-Gradiske-izgled-konstrukcije.jpg\" data-elementor-open-lightbox=\"yes\" data-thumb=\"https:\/\/integral.ba\/wp-content\/uploads\/2022\/05\/Most-Sava-kod-Gradiske-izgled-konstrukcije-200x133.jpg\"  data-caption=\"&lt;div class=&quot;esgbox-caption-title&quot;&gt;Most Sava kod Gradi\u0161ke - izgled konstrukcije&lt;\/div&gt;\"  data-width=\"1200\"  data-height=\"800\" >Most Sava kod Gradi\u0161ke - izgled konstrukcije<\/a>                <div class=\"esg-overlay eg-galerija-container esg-cover-blend-multiply  esg-transition\" data-duration=\"default\" data-transition=\"esg-fade\"><\/div>\n\n              <div class=\"esg-center eg-galerija-element-3 esg-none esg-clear esg-line-break\"><\/div>\n\t\t\t\t<div class=\"esg-center eg-galerija-element-19-a eg-galerija-element-19-a esg-transition\" data-delay=\"0.15\" data-duration=\"default\" data-transition=\"esg-zoomfront\"><a class=\"eg-galerija-element-19 esgbox\" data-elementor-open-lightbox=\"yes\" data-thumb=\"https:\/\/integral.ba\/wp-content\/uploads\/2022\/05\/Most-Sava-kod-Gradiske-izgled-konstrukcije-200x133.jpg\" href=\"https:\/\/integral.ba\/wp-content\/uploads\/2022\/05\/Most-Sava-kod-Gradiske-izgled-konstrukcije.jpg\" data-caption=\"&lt;div class=&quot;esgbox-caption-title&quot;&gt;Most Sava kod Gradi\u0161ke - izgled konstrukcije&lt;\/div&gt;\"  data-width=\"1200\"  data-height=\"800\" ><i class=\"eg-icon-search\"><\/i><\/a><\/div>\n           <\/div>\n   <\/div>\n\n<\/li>\n<li id=\"eg-3-post-id-86080_6129\" class=\"filterall eg-galerija-wrapper eg-post-id-86080\" data-skin=\"galerija\" data-date=\"1777225569\" >\n    <div class=\"esg-media-cover-wrapper\">\n<div class=\"esg-entry-media\" ><img loading=\"lazy\" decoding=\"async\" class=\"esg-entry-media-img\"  src=\"https:\/\/integral.ba\/wp-content\/uploads\/2022\/05\/Most-Sava-kod-Gradiske-izgled-konstrukcije3.jpg\" data-no-lazy=\"1\" alt=\"\" title=\"Most Sava kod Gradi\u0161ke-izgled konstrukcije\" width=\"1200\" height=\"800\"><\/div>\n\n            <div class=\"esg-entry-cover\" data-clickable=\"on\">\n\n<a class=\"eg-invisiblebutton  esgbox\" href=\"https:\/\/integral.ba\/wp-content\/uploads\/2022\/05\/Most-Sava-kod-Gradiske-izgled-konstrukcije3.jpg\" data-elementor-open-lightbox=\"yes\" data-thumb=\"https:\/\/integral.ba\/wp-content\/uploads\/2022\/05\/Most-Sava-kod-Gradiske-izgled-konstrukcije3-200x133.jpg\"  data-caption=\"&lt;div class=&quot;esgbox-caption-title&quot;&gt;Most Sava kod Gradi\u0161ke-izgled konstrukcije&lt;\/div&gt;\"  data-width=\"1200\"  data-height=\"800\" >Most Sava kod Gradi\u0161ke-izgled konstrukcije<\/a>                <div class=\"esg-overlay eg-galerija-container esg-cover-blend-multiply  esg-transition\" data-duration=\"default\" data-transition=\"esg-fade\"><\/div>\n\n              <div class=\"esg-center eg-galerija-element-3 esg-none esg-clear esg-line-break\"><\/div>\n\t\t\t\t<div class=\"esg-center eg-galerija-element-19-a eg-galerija-element-19-a esg-transition\" data-delay=\"0.15\" data-duration=\"default\" data-transition=\"esg-zoomfront\"><a class=\"eg-galerija-element-19 esgbox\" data-elementor-open-lightbox=\"yes\" data-thumb=\"https:\/\/integral.ba\/wp-content\/uploads\/2022\/05\/Most-Sava-kod-Gradiske-izgled-konstrukcije3-200x133.jpg\" href=\"https:\/\/integral.ba\/wp-content\/uploads\/2022\/05\/Most-Sava-kod-Gradiske-izgled-konstrukcije3.jpg\" data-caption=\"&lt;div class=&quot;esgbox-caption-title&quot;&gt;Most Sava kod Gradi\u0161ke-izgled konstrukcije&lt;\/div&gt;\"  data-width=\"1200\"  data-height=\"800\" ><i class=\"eg-icon-search\"><\/i><\/a><\/div>\n           <\/div>\n   <\/div>\n\n<\/li>\n<li id=\"eg-3-post-id-86078_7710\" class=\"filterall eg-galerija-wrapper eg-post-id-86078\" data-skin=\"galerija\" data-date=\"1777225569\" >\n    <div class=\"esg-media-cover-wrapper\">\n<div class=\"esg-entry-media\" ><img loading=\"lazy\" decoding=\"async\" class=\"esg-entry-media-img\"  src=\"https:\/\/integral.ba\/wp-content\/uploads\/2022\/05\/Most-Sava-kod-Gradiske-izgled-konstrukcije-2.jpg\" data-no-lazy=\"1\" alt=\"\" title=\"Most Sava kod Gradi\u0161ke-izgled konstrukcije\" width=\"1200\" height=\"800\"><\/div>\n\n            <div class=\"esg-entry-cover\" data-clickable=\"on\">\n\n<a class=\"eg-invisiblebutton  esgbox\" href=\"https:\/\/integral.ba\/wp-content\/uploads\/2022\/05\/Most-Sava-kod-Gradiske-izgled-konstrukcije-2.jpg\" data-elementor-open-lightbox=\"yes\" data-thumb=\"https:\/\/integral.ba\/wp-content\/uploads\/2022\/05\/Most-Sava-kod-Gradiske-izgled-konstrukcije-2-200x133.jpg\"  data-caption=\"&lt;div class=&quot;esgbox-caption-title&quot;&gt;Most Sava kod Gradi\u0161ke-izgled konstrukcije&lt;\/div&gt;\"  data-width=\"1200\"  data-height=\"800\" >Most Sava kod Gradi\u0161ke-izgled konstrukcije<\/a>                <div class=\"esg-overlay eg-galerija-container esg-cover-blend-multiply  esg-transition\" data-duration=\"default\" data-transition=\"esg-fade\"><\/div>\n\n              <div class=\"esg-center eg-galerija-element-3 esg-none esg-clear esg-line-break\"><\/div>\n\t\t\t\t<div class=\"esg-center eg-galerija-element-19-a eg-galerija-element-19-a esg-transition\" data-delay=\"0.15\" data-duration=\"default\" data-transition=\"esg-zoomfront\"><a class=\"eg-galerija-element-19 esgbox\" data-elementor-open-lightbox=\"yes\" data-thumb=\"https:\/\/integral.ba\/wp-content\/uploads\/2022\/05\/Most-Sava-kod-Gradiske-izgled-konstrukcije-2-200x133.jpg\" href=\"https:\/\/integral.ba\/wp-content\/uploads\/2022\/05\/Most-Sava-kod-Gradiske-izgled-konstrukcije-2.jpg\" data-caption=\"&lt;div class=&quot;esgbox-caption-title&quot;&gt;Most Sava kod Gradi\u0161ke-izgled konstrukcije&lt;\/div&gt;\"  data-width=\"1200\"  data-height=\"800\" ><i class=\"eg-icon-search\"><\/i><\/a><\/div>\n           <\/div>\n   <\/div>\n\n<\/li>\n<li id=\"eg-3-post-id-86100_2171\" class=\"filterall eg-galerija-wrapper eg-post-id-86100\" data-skin=\"galerija\" data-date=\"1777225569\" >\n    <div class=\"esg-media-cover-wrapper\">\n<div class=\"esg-entry-media\" ><img loading=\"lazy\" decoding=\"async\" class=\"esg-entry-media-img\"  src=\"https:\/\/integral.ba\/wp-content\/uploads\/2022\/05\/Most-Sava-kod-Gradiske.jpg\" data-no-lazy=\"1\" alt=\"\" title=\"Most Sava kod Gradi\u0161ke\" width=\"1200\" height=\"800\"><\/div>\n\n            <div class=\"esg-entry-cover\" data-clickable=\"on\">\n\n<a class=\"eg-invisiblebutton  esgbox\" href=\"https:\/\/integral.ba\/wp-content\/uploads\/2022\/05\/Most-Sava-kod-Gradiske.jpg\" data-elementor-open-lightbox=\"yes\" data-thumb=\"https:\/\/integral.ba\/wp-content\/uploads\/2022\/05\/Most-Sava-kod-Gradiske-200x133.jpg\"  data-caption=\"&lt;div class=&quot;esgbox-caption-title&quot;&gt;Most Sava kod Gradi\u0161ke&lt;\/div&gt;\"  data-width=\"1200\"  data-height=\"800\" >Most Sava kod Gradi\u0161ke<\/a>                <div class=\"esg-overlay eg-galerija-container esg-cover-blend-multiply  esg-transition\" data-duration=\"default\" data-transition=\"esg-fade\"><\/div>\n\n              <div class=\"esg-center eg-galerija-element-3 esg-none esg-clear esg-line-break\"><\/div>\n\t\t\t\t<div class=\"esg-center eg-galerija-element-19-a eg-galerija-element-19-a esg-transition\" data-delay=\"0.15\" data-duration=\"default\" data-transition=\"esg-zoomfront\"><a class=\"eg-galerija-element-19 esgbox\" data-elementor-open-lightbox=\"yes\" data-thumb=\"https:\/\/integral.ba\/wp-content\/uploads\/2022\/05\/Most-Sava-kod-Gradiske-200x133.jpg\" href=\"https:\/\/integral.ba\/wp-content\/uploads\/2022\/05\/Most-Sava-kod-Gradiske.jpg\" data-caption=\"&lt;div class=&quot;esgbox-caption-title&quot;&gt;Most Sava kod Gradi\u0161ke&lt;\/div&gt;\"  data-width=\"1200\"  data-height=\"800\" ><i class=\"eg-icon-search\"><\/i><\/a><\/div>\n           <\/div>\n   <\/div>\n\n<\/li>\n<li id=\"eg-3-post-id-86098_4282\" class=\"filterall eg-galerija-wrapper eg-post-id-86098\" data-skin=\"galerija\" data-date=\"1777225569\" >\n    <div class=\"esg-media-cover-wrapper\">\n<div class=\"esg-entry-media\" ><img loading=\"lazy\" decoding=\"async\" class=\"esg-entry-media-img\"  src=\"https:\/\/integral.ba\/wp-content\/uploads\/2022\/05\/Most-Sava-kod-Gradiske-zavrsetak-mosta-i-radovi-na-fazi-2-1.jpg\" data-no-lazy=\"1\" alt=\"\" title=\"Most Sava kod Gradi\u0161ke zavr\u0161etak mosta i radovi na fazi 2\" width=\"1200\" height=\"800\"><\/div>\n\n            <div class=\"esg-entry-cover\" data-clickable=\"on\">\n\n<a class=\"eg-invisiblebutton  esgbox\" href=\"https:\/\/integral.ba\/wp-content\/uploads\/2022\/05\/Most-Sava-kod-Gradiske-zavrsetak-mosta-i-radovi-na-fazi-2-1.jpg\" data-elementor-open-lightbox=\"yes\" data-thumb=\"https:\/\/integral.ba\/wp-content\/uploads\/2022\/05\/Most-Sava-kod-Gradiske-zavrsetak-mosta-i-radovi-na-fazi-2-1-200x133.jpg\"  data-caption=\"&lt;div class=&quot;esgbox-caption-title&quot;&gt;Most Sava kod Gradi\u0161ke zavr\u0161etak mosta i radovi na fazi 2&lt;\/div&gt;\"  data-width=\"1200\"  data-height=\"800\" >Most Sava kod Gradi\u0161ke zavr\u0161etak mosta i radovi na fazi 2<\/a>                <div class=\"esg-overlay eg-galerija-container esg-cover-blend-multiply  esg-transition\" data-duration=\"default\" data-transition=\"esg-fade\"><\/div>\n\n              <div class=\"esg-center eg-galerija-element-3 esg-none esg-clear esg-line-break\"><\/div>\n\t\t\t\t<div class=\"esg-center eg-galerija-element-19-a eg-galerija-element-19-a esg-transition\" data-delay=\"0.15\" data-duration=\"default\" data-transition=\"esg-zoomfront\"><a class=\"eg-galerija-element-19 esgbox\" data-elementor-open-lightbox=\"yes\" data-thumb=\"https:\/\/integral.ba\/wp-content\/uploads\/2022\/05\/Most-Sava-kod-Gradiske-zavrsetak-mosta-i-radovi-na-fazi-2-1-200x133.jpg\" href=\"https:\/\/integral.ba\/wp-content\/uploads\/2022\/05\/Most-Sava-kod-Gradiske-zavrsetak-mosta-i-radovi-na-fazi-2-1.jpg\" data-caption=\"&lt;div class=&quot;esgbox-caption-title&quot;&gt;Most Sava kod Gradi\u0161ke zavr\u0161etak mosta i radovi na fazi 2&lt;\/div&gt;\"  data-width=\"1200\"  data-height=\"800\" ><i class=\"eg-icon-search\"><\/i><\/a><\/div>\n           <\/div>\n   <\/div>\n\n<\/li>\n<li id=\"eg-3-post-id-86096_8814\" class=\"filterall eg-galerija-wrapper eg-post-id-86096\" data-skin=\"galerija\" data-date=\"1777225569\" >\n    <div class=\"esg-media-cover-wrapper\">\n<div class=\"esg-entry-media\" ><img loading=\"lazy\" decoding=\"async\" class=\"esg-entry-media-img\"  src=\"https:\/\/integral.ba\/wp-content\/uploads\/2022\/05\/Most-Sava-kod-Gradiske-zavrsetak-mosta-i-BiH-carinski-terminal.jpg\" data-no-lazy=\"1\" alt=\"\" title=\"Most Sava kod Gradi\u0161ke - zavr\u0161etak mosta i BiH carinski terminal\" width=\"1200\" height=\"800\"><\/div>\n\n            <div class=\"esg-entry-cover\" data-clickable=\"on\">\n\n<a class=\"eg-invisiblebutton  esgbox\" href=\"https:\/\/integral.ba\/wp-content\/uploads\/2022\/05\/Most-Sava-kod-Gradiske-zavrsetak-mosta-i-BiH-carinski-terminal.jpg\" data-elementor-open-lightbox=\"yes\" data-thumb=\"https:\/\/integral.ba\/wp-content\/uploads\/2022\/05\/Most-Sava-kod-Gradiske-zavrsetak-mosta-i-BiH-carinski-terminal-200x133.jpg\"  data-caption=\"&lt;div class=&quot;esgbox-caption-title&quot;&gt;Most Sava kod Gradi\u0161ke - zavr\u0161etak mosta i BiH carinski terminal&lt;\/div&gt;\"  data-width=\"1200\"  data-height=\"800\" >Most Sava kod Gradi\u0161ke - zavr\u0161etak mosta i BiH carinski terminal<\/a>                <div class=\"esg-overlay eg-galerija-container esg-cover-blend-multiply  esg-transition\" data-duration=\"default\" data-transition=\"esg-fade\"><\/div>\n\n              <div class=\"esg-center eg-galerija-element-3 esg-none esg-clear esg-line-break\"><\/div>\n\t\t\t\t<div class=\"esg-center eg-galerija-element-19-a eg-galerija-element-19-a esg-transition\" data-delay=\"0.15\" data-duration=\"default\" data-transition=\"esg-zoomfront\"><a class=\"eg-galerija-element-19 esgbox\" data-elementor-open-lightbox=\"yes\" data-thumb=\"https:\/\/integral.ba\/wp-content\/uploads\/2022\/05\/Most-Sava-kod-Gradiske-zavrsetak-mosta-i-BiH-carinski-terminal-200x133.jpg\" href=\"https:\/\/integral.ba\/wp-content\/uploads\/2022\/05\/Most-Sava-kod-Gradiske-zavrsetak-mosta-i-BiH-carinski-terminal.jpg\" data-caption=\"&lt;div class=&quot;esgbox-caption-title&quot;&gt;Most Sava kod Gradi\u0161ke - zavr\u0161etak mosta i BiH carinski terminal&lt;\/div&gt;\"  data-width=\"1200\"  data-height=\"800\" ><i class=\"eg-icon-search\"><\/i><\/a><\/div>\n           <\/div>\n   <\/div>\n\n<\/li>\n<li id=\"eg-3-post-id-86094_3698\" class=\"filterall eg-galerija-wrapper eg-post-id-86094\" data-skin=\"galerija\" data-date=\"1777225569\" >\n    <div class=\"esg-media-cover-wrapper\">\n<div class=\"esg-entry-media\" ><img loading=\"lazy\" decoding=\"async\" class=\"esg-entry-media-img\"  src=\"https:\/\/integral.ba\/wp-content\/uploads\/2022\/05\/Most-Sava-kod-Gradiske-pogled-uzvodno.jpg\" data-no-lazy=\"1\" alt=\"\" title=\"Most Sava kod Gradi\u0161ke - pogled prema uzvodno\" width=\"1200\" height=\"800\"><\/div>\n\n            <div class=\"esg-entry-cover\" data-clickable=\"on\">\n\n<a class=\"eg-invisiblebutton  esgbox\" href=\"https:\/\/integral.ba\/wp-content\/uploads\/2022\/05\/Most-Sava-kod-Gradiske-pogled-uzvodno.jpg\" data-elementor-open-lightbox=\"yes\" data-thumb=\"https:\/\/integral.ba\/wp-content\/uploads\/2022\/05\/Most-Sava-kod-Gradiske-pogled-uzvodno-200x133.jpg\"  data-caption=\"&lt;div class=&quot;esgbox-caption-title&quot;&gt;Most Sava kod Gradi\u0161ke - pogled prema uzvodno&lt;\/div&gt;\"  data-width=\"1200\"  data-height=\"800\" >Most Sava kod Gradi\u0161ke - pogled prema uzvodno<\/a>                <div class=\"esg-overlay eg-galerija-container esg-cover-blend-multiply  esg-transition\" data-duration=\"default\" data-transition=\"esg-fade\"><\/div>\n\n              <div class=\"esg-center eg-galerija-element-3 esg-none esg-clear esg-line-break\"><\/div>\n\t\t\t\t<div class=\"esg-center eg-galerija-element-19-a eg-galerija-element-19-a esg-transition\" data-delay=\"0.15\" data-duration=\"default\" data-transition=\"esg-zoomfront\"><a class=\"eg-galerija-element-19 esgbox\" data-elementor-open-lightbox=\"yes\" data-thumb=\"https:\/\/integral.ba\/wp-content\/uploads\/2022\/05\/Most-Sava-kod-Gradiske-pogled-uzvodno-200x133.jpg\" href=\"https:\/\/integral.ba\/wp-content\/uploads\/2022\/05\/Most-Sava-kod-Gradiske-pogled-uzvodno.jpg\" data-caption=\"&lt;div class=&quot;esgbox-caption-title&quot;&gt;Most Sava kod Gradi\u0161ke - pogled prema uzvodno&lt;\/div&gt;\"  data-width=\"1200\"  data-height=\"800\" ><i class=\"eg-icon-search\"><\/i><\/a><\/div>\n           <\/div>\n   <\/div>\n\n<\/li>\n<li id=\"eg-3-post-id-86092_6796\" class=\"filterall eg-galerija-wrapper eg-post-id-86092\" data-skin=\"galerija\" data-date=\"1777225569\" >\n    <div class=\"esg-media-cover-wrapper\">\n<div class=\"esg-entry-media\" ><img loading=\"lazy\" decoding=\"async\" class=\"esg-entry-media-img\"  src=\"https:\/\/integral.ba\/wp-content\/uploads\/2022\/05\/Most-Sava-kod-Gradiske-pogled-prema-Hrvatskoj-2.jpg\" data-no-lazy=\"1\" alt=\"\" title=\"Most Sava kod Gradi\u0161ke - pogled prema Hrvatskoj\" width=\"1200\" height=\"800\"><\/div>\n\n            <div class=\"esg-entry-cover\" data-clickable=\"on\">\n\n<a class=\"eg-invisiblebutton  esgbox\" href=\"https:\/\/integral.ba\/wp-content\/uploads\/2022\/05\/Most-Sava-kod-Gradiske-pogled-prema-Hrvatskoj-2.jpg\" data-elementor-open-lightbox=\"yes\" data-thumb=\"https:\/\/integral.ba\/wp-content\/uploads\/2022\/05\/Most-Sava-kod-Gradiske-pogled-prema-Hrvatskoj-2-200x133.jpg\"  data-caption=\"&lt;div class=&quot;esgbox-caption-title&quot;&gt;Most Sava kod Gradi\u0161ke - pogled prema Hrvatskoj&lt;\/div&gt;\"  data-width=\"1200\"  data-height=\"800\" >Most Sava kod Gradi\u0161ke - pogled prema Hrvatskoj<\/a>                <div class=\"esg-overlay eg-galerija-container esg-cover-blend-multiply  esg-transition\" data-duration=\"default\" data-transition=\"esg-fade\"><\/div>\n\n              <div class=\"esg-center eg-galerija-element-3 esg-none esg-clear esg-line-break\"><\/div>\n\t\t\t\t<div class=\"esg-center eg-galerija-element-19-a eg-galerija-element-19-a esg-transition\" data-delay=\"0.15\" data-duration=\"default\" data-transition=\"esg-zoomfront\"><a class=\"eg-galerija-element-19 esgbox\" data-elementor-open-lightbox=\"yes\" data-thumb=\"https:\/\/integral.ba\/wp-content\/uploads\/2022\/05\/Most-Sava-kod-Gradiske-pogled-prema-Hrvatskoj-2-200x133.jpg\" href=\"https:\/\/integral.ba\/wp-content\/uploads\/2022\/05\/Most-Sava-kod-Gradiske-pogled-prema-Hrvatskoj-2.jpg\" data-caption=\"&lt;div class=&quot;esgbox-caption-title&quot;&gt;Most Sava kod Gradi\u0161ke - pogled prema Hrvatskoj&lt;\/div&gt;\"  data-width=\"1200\"  data-height=\"800\" ><i class=\"eg-icon-search\"><\/i><\/a><\/div>\n           <\/div>\n   <\/div>\n\n<\/li>\n<li id=\"eg-3-post-id-86090_5825\" class=\"filterall eg-galerija-wrapper eg-post-id-86090\" data-skin=\"galerija\" data-date=\"1777225569\" >\n    <div class=\"esg-media-cover-wrapper\">\n<div class=\"esg-entry-media\" ><img loading=\"lazy\" decoding=\"async\" class=\"esg-entry-media-img\"  src=\"https:\/\/integral.ba\/wp-content\/uploads\/2022\/05\/Most-Sava-kod-Gradiske-pogled-prema-Hrvatskoj-1.jpg\" data-no-lazy=\"1\" alt=\"\" title=\"Most Sava kod Gradi\u0161ke - pogled prema Hrvatskoj\" width=\"1200\" height=\"800\"><\/div>\n\n            <div class=\"esg-entry-cover\" data-clickable=\"on\">\n\n<a class=\"eg-invisiblebutton  esgbox\" href=\"https:\/\/integral.ba\/wp-content\/uploads\/2022\/05\/Most-Sava-kod-Gradiske-pogled-prema-Hrvatskoj-1.jpg\" data-elementor-open-lightbox=\"yes\" data-thumb=\"https:\/\/integral.ba\/wp-content\/uploads\/2022\/05\/Most-Sava-kod-Gradiske-pogled-prema-Hrvatskoj-1-200x133.jpg\"  data-caption=\"&lt;div class=&quot;esgbox-caption-title&quot;&gt;Most Sava kod Gradi\u0161ke - pogled prema Hrvatskoj&lt;\/div&gt;\"  data-width=\"1200\"  data-height=\"800\" >Most Sava kod Gradi\u0161ke - pogled prema Hrvatskoj<\/a>                <div class=\"esg-overlay eg-galerija-container esg-cover-blend-multiply  esg-transition\" data-duration=\"default\" data-transition=\"esg-fade\"><\/div>\n\n              <div class=\"esg-center eg-galerija-element-3 esg-none esg-clear esg-line-break\"><\/div>\n\t\t\t\t<div class=\"esg-center eg-galerija-element-19-a eg-galerija-element-19-a esg-transition\" data-delay=\"0.15\" data-duration=\"default\" data-transition=\"esg-zoomfront\"><a class=\"eg-galerija-element-19 esgbox\" data-elementor-open-lightbox=\"yes\" data-thumb=\"https:\/\/integral.ba\/wp-content\/uploads\/2022\/05\/Most-Sava-kod-Gradiske-pogled-prema-Hrvatskoj-1-200x133.jpg\" href=\"https:\/\/integral.ba\/wp-content\/uploads\/2022\/05\/Most-Sava-kod-Gradiske-pogled-prema-Hrvatskoj-1.jpg\" data-caption=\"&lt;div class=&quot;esgbox-caption-title&quot;&gt;Most Sava kod Gradi\u0161ke - pogled prema Hrvatskoj&lt;\/div&gt;\"  data-width=\"1200\"  data-height=\"800\" ><i class=\"eg-icon-search\"><\/i><\/a><\/div>\n           <\/div>\n   <\/div>\n\n<\/li>\n<li id=\"eg-3-post-id-86088_6272\" class=\"filterall eg-galerija-wrapper eg-post-id-86088\" data-skin=\"galerija\" data-date=\"1777225569\" >\n    <div class=\"esg-media-cover-wrapper\">\n<div class=\"esg-entry-media\" ><img loading=\"lazy\" decoding=\"async\" class=\"esg-entry-media-img\"  src=\"https:\/\/integral.ba\/wp-content\/uploads\/2022\/05\/Most-Sava-kod-Gradiske-pogled-prema-Gradisci-1.jpg\" data-no-lazy=\"1\" alt=\"\" title=\"Most Sava kod Gradi\u0161ke - pogled prema Gradi\u0161ci\" width=\"1200\" height=\"800\"><\/div>\n\n            <div class=\"esg-entry-cover\" data-clickable=\"on\">\n\n<a class=\"eg-invisiblebutton  esgbox\" href=\"https:\/\/integral.ba\/wp-content\/uploads\/2022\/05\/Most-Sava-kod-Gradiske-pogled-prema-Gradisci-1.jpg\" data-elementor-open-lightbox=\"yes\" data-thumb=\"https:\/\/integral.ba\/wp-content\/uploads\/2022\/05\/Most-Sava-kod-Gradiske-pogled-prema-Gradisci-1-200x133.jpg\"  data-caption=\"&lt;div class=&quot;esgbox-caption-title&quot;&gt;Most Sava kod Gradi\u0161ke - pogled prema Gradi\u0161ci&lt;\/div&gt;\"  data-width=\"1200\"  data-height=\"800\" >Most Sava kod Gradi\u0161ke - pogled prema Gradi\u0161ci<\/a>                <div class=\"esg-overlay eg-galerija-container esg-cover-blend-multiply  esg-transition\" data-duration=\"default\" data-transition=\"esg-fade\"><\/div>\n\n              <div class=\"esg-center eg-galerija-element-3 esg-none esg-clear esg-line-break\"><\/div>\n\t\t\t\t<div class=\"esg-center eg-galerija-element-19-a eg-galerija-element-19-a esg-transition\" data-delay=\"0.15\" data-duration=\"default\" data-transition=\"esg-zoomfront\"><a class=\"eg-galerija-element-19 esgbox\" data-elementor-open-lightbox=\"yes\" data-thumb=\"https:\/\/integral.ba\/wp-content\/uploads\/2022\/05\/Most-Sava-kod-Gradiske-pogled-prema-Gradisci-1-200x133.jpg\" href=\"https:\/\/integral.ba\/wp-content\/uploads\/2022\/05\/Most-Sava-kod-Gradiske-pogled-prema-Gradisci-1.jpg\" data-caption=\"&lt;div class=&quot;esgbox-caption-title&quot;&gt;Most Sava kod Gradi\u0161ke - pogled prema Gradi\u0161ci&lt;\/div&gt;\"  data-width=\"1200\"  data-height=\"800\" ><i class=\"eg-icon-search\"><\/i><\/a><\/div>\n           <\/div>\n   <\/div>\n\n<\/li>\n<li id=\"eg-3-post-id-86086_1807\" class=\"filterall eg-galerija-wrapper eg-post-id-86086\" data-skin=\"galerija\" data-date=\"1777225569\" >\n    <div class=\"esg-media-cover-wrapper\">\n<div class=\"esg-entry-media\" ><img loading=\"lazy\" decoding=\"async\" class=\"esg-entry-media-img\"  src=\"https:\/\/integral.ba\/wp-content\/uploads\/2022\/05\/Most-Sava-kod-Gradiske-pogled-prema-BiH-3.jpg\" data-no-lazy=\"1\" alt=\"\" title=\"Most Sava kod Gradi\u0161ke - pogled prema BiH\" width=\"1200\" height=\"800\"><\/div>\n\n            <div class=\"esg-entry-cover\" data-clickable=\"on\">\n\n<a class=\"eg-invisiblebutton  esgbox\" href=\"https:\/\/integral.ba\/wp-content\/uploads\/2022\/05\/Most-Sava-kod-Gradiske-pogled-prema-BiH-3.jpg\" data-elementor-open-lightbox=\"yes\" data-thumb=\"https:\/\/integral.ba\/wp-content\/uploads\/2022\/05\/Most-Sava-kod-Gradiske-pogled-prema-BiH-3-200x133.jpg\"  data-caption=\"&lt;div class=&quot;esgbox-caption-title&quot;&gt;Most Sava kod Gradi\u0161ke - pogled prema BiH&lt;\/div&gt;\"  data-width=\"1200\"  data-height=\"800\" >Most Sava kod Gradi\u0161ke - pogled prema BiH<\/a>                <div class=\"esg-overlay eg-galerija-container esg-cover-blend-multiply  esg-transition\" data-duration=\"default\" data-transition=\"esg-fade\"><\/div>\n\n              <div class=\"esg-center eg-galerija-element-3 esg-none esg-clear esg-line-break\"><\/div>\n\t\t\t\t<div class=\"esg-center eg-galerija-element-19-a eg-galerija-element-19-a esg-transition\" data-delay=\"0.15\" data-duration=\"default\" data-transition=\"esg-zoomfront\"><a class=\"eg-galerija-element-19 esgbox\" data-elementor-open-lightbox=\"yes\" data-thumb=\"https:\/\/integral.ba\/wp-content\/uploads\/2022\/05\/Most-Sava-kod-Gradiske-pogled-prema-BiH-3-200x133.jpg\" href=\"https:\/\/integral.ba\/wp-content\/uploads\/2022\/05\/Most-Sava-kod-Gradiske-pogled-prema-BiH-3.jpg\" data-caption=\"&lt;div class=&quot;esgbox-caption-title&quot;&gt;Most Sava kod Gradi\u0161ke - pogled prema BiH&lt;\/div&gt;\"  data-width=\"1200\"  data-height=\"800\" ><i class=\"eg-icon-search\"><\/i><\/a><\/div>\n           <\/div>\n   <\/div>\n\n<\/li>\n<li id=\"eg-3-post-id-86084_3774\" class=\"filterall eg-galerija-wrapper eg-post-id-86084\" data-skin=\"galerija\" data-date=\"1777225569\" >\n    <div class=\"esg-media-cover-wrapper\">\n<div class=\"esg-entry-media\" ><img loading=\"lazy\" decoding=\"async\" class=\"esg-entry-media-img\"  src=\"https:\/\/integral.ba\/wp-content\/uploads\/2022\/05\/Most-Sava-kod-Gradiske-pogled-prema-BiH-2.jpg\" data-no-lazy=\"1\" alt=\"\" title=\"Most Sava kod Gradi\u0161ke - pogled prema BiH\" width=\"1200\" height=\"800\"><\/div>\n\n            <div class=\"esg-entry-cover\" data-clickable=\"on\">\n\n<a class=\"eg-invisiblebutton  esgbox\" href=\"https:\/\/integral.ba\/wp-content\/uploads\/2022\/05\/Most-Sava-kod-Gradiske-pogled-prema-BiH-2.jpg\" data-elementor-open-lightbox=\"yes\" data-thumb=\"https:\/\/integral.ba\/wp-content\/uploads\/2022\/05\/Most-Sava-kod-Gradiske-pogled-prema-BiH-2-200x133.jpg\"  data-caption=\"&lt;div class=&quot;esgbox-caption-title&quot;&gt;Most Sava kod Gradi\u0161ke - pogled prema BiH&lt;\/div&gt;\"  data-width=\"1200\"  data-height=\"800\" >Most Sava kod Gradi\u0161ke - pogled prema BiH<\/a>                <div class=\"esg-overlay eg-galerija-container esg-cover-blend-multiply  esg-transition\" data-duration=\"default\" data-transition=\"esg-fade\"><\/div>\n\n              <div class=\"esg-center eg-galerija-element-3 esg-none esg-clear esg-line-break\"><\/div>\n\t\t\t\t<div class=\"esg-center eg-galerija-element-19-a eg-galerija-element-19-a esg-transition\" data-delay=\"0.15\" data-duration=\"default\" data-transition=\"esg-zoomfront\"><a class=\"eg-galerija-element-19 esgbox\" data-elementor-open-lightbox=\"yes\" data-thumb=\"https:\/\/integral.ba\/wp-content\/uploads\/2022\/05\/Most-Sava-kod-Gradiske-pogled-prema-BiH-2-200x133.jpg\" href=\"https:\/\/integral.ba\/wp-content\/uploads\/2022\/05\/Most-Sava-kod-Gradiske-pogled-prema-BiH-2.jpg\" data-caption=\"&lt;div class=&quot;esgbox-caption-title&quot;&gt;Most Sava kod Gradi\u0161ke - pogled prema BiH&lt;\/div&gt;\"  data-width=\"1200\"  data-height=\"800\" ><i class=\"eg-icon-search\"><\/i><\/a><\/div>\n           <\/div>\n   <\/div>\n\n<\/li>\n<li id=\"eg-3-post-id-86082&quot; ess_grid_gal=&quot;galerija_4830\" class=\"filterall eg-galerija-wrapper eg-post-id-86082&quot; ess_grid_gal=&quot;galerija\" data-skin=\"galerija\" data-date=\"1777225569\" >\n    <div class=\"esg-media-cover-wrapper\">\n<div class=\"esg-entry-media\" ><img loading=\"lazy\" decoding=\"async\" class=\"esg-entry-media-img\"  src=\"https:\/\/integral.ba\/wp-content\/uploads\/2022\/05\/Most-Sava-kod-Gradiske-pogled-prema-BiH-1.jpg\" data-no-lazy=\"1\" alt=\"\" title=\"Most Sava kod Gradi\u0161ke - pogled prema BiH\" width=\"1200\" height=\"800\"><\/div>\n\n            <div class=\"esg-entry-cover\" data-clickable=\"on\">\n\n<a class=\"eg-invisiblebutton  esgbox\" href=\"https:\/\/integral.ba\/wp-content\/uploads\/2022\/05\/Most-Sava-kod-Gradiske-pogled-prema-BiH-1.jpg\" data-elementor-open-lightbox=\"yes\" data-thumb=\"https:\/\/integral.ba\/wp-content\/uploads\/2022\/05\/Most-Sava-kod-Gradiske-pogled-prema-BiH-1-200x133.jpg\"  data-caption=\"&lt;div class=&quot;esgbox-caption-title&quot;&gt;Most Sava kod Gradi\u0161ke - pogled prema BiH&lt;\/div&gt;\"  data-width=\"1200\"  data-height=\"800\" >Most Sava kod Gradi\u0161ke - pogled prema BiH<\/a>                <div class=\"esg-overlay eg-galerija-container esg-cover-blend-multiply  esg-transition\" data-duration=\"default\" data-transition=\"esg-fade\"><\/div>\n\n              <div class=\"esg-center eg-galerija-element-3 esg-none esg-clear esg-line-break\"><\/div>\n\t\t\t\t<div class=\"esg-center eg-galerija-element-19-a eg-galerija-element-19-a esg-transition\" data-delay=\"0.15\" data-duration=\"default\" data-transition=\"esg-zoomfront\"><a class=\"eg-galerija-element-19 esgbox\" data-elementor-open-lightbox=\"yes\" data-thumb=\"https:\/\/integral.ba\/wp-content\/uploads\/2022\/05\/Most-Sava-kod-Gradiske-pogled-prema-BiH-1-200x133.jpg\" href=\"https:\/\/integral.ba\/wp-content\/uploads\/2022\/05\/Most-Sava-kod-Gradiske-pogled-prema-BiH-1.jpg\" data-caption=\"&lt;div class=&quot;esgbox-caption-title&quot;&gt;Most Sava kod Gradi\u0161ke - pogled prema BiH&lt;\/div&gt;\"  data-width=\"1200\"  data-height=\"800\" ><i class=\"eg-icon-search\"><\/i><\/a><\/div>\n           <\/div>\n   <\/div>\n\n<\/li>\n<\/ul>\n<article class=\"esg-filters esg-singlefilters\" style=\"margin-top: 0px; text-align: center; \"><div class=\"esg-pagination  esg-fgc-3\" style=\"margin-left: 2.5px; margin-right: 2.5px;\"><\/div><\/article><div class=\"esg-clear-no-height\"><\/div>    <\/div>\n\n<\/article>\n<div class=\"clear\"><\/div>\n<script type=\"text\/javascript\">var essapi_3_img_1;window.ESG ??={};window.ESG.E ??={};window.ESG.E.crossorigin=false;window.ESG.inits ??={};window.ESG.inits.v3_img_1 ??={state:false};window.ESG.inits.v3_img_1.checkResources=() =>{if (window.ESG.inits.v3_img_1.state) return;if (typeof jQuery==='undefined' ||!jQuery?.fn?.tpessential) return setTimeout(window.ESG.inits.v3_img_1.checkResources,29);window.ESG.inits.v3_img_1.state=true;window.ESG.inits.v3_img_1.call();};window.ESG.inits.v3_img_1.call=() =>{jQuery(document).ready(function(){var lightboxOptions={margin:[0,0,0,0],buttons:[\"slideShow\",\"thumbs\",\"close\"],infobar:true,loop:true,slideShow:{\"autoStart\":false,\"speed\":3000},videoAutoPlay:true,animationEffect:\"fade\",animationDuration:500,beforeShow:function(a,c){var i=0,multiple=false;a=a.slides;for(var b in a){i++;if (i > 1){multiple=true;break;}};if (!multiple) jQuery(\"body\").addClass(\"esgbox-single\");if (c.type ===\"image\") jQuery(\".esgbox-button--zoom\").show();if (c.contentType ===\"html\") c.$slide.addClass(\"esgbox-slide--overflow-\" + c.opts.overflow);},beforeLoad:function(a,b){jQuery(\"body\").removeClass(\"esg-four-by-three\");if (b.opts.$orig.data(\"ratio\") ===\"4:3\") jQuery(\"body\").addClass(\"esg-four-by-three\");},afterLoad:function() {jQuery(window).trigger(\"resize.esglb\");},afterClose:function() {jQuery(\"body\").removeClass(\"esgbox-hidearrows esgbox-single\");},transitionEffect:\"fade\",transitionDuration:500,hash:\"group\",arrows:true,wheel:false,touch:{vertical:true,momentum:true },baseClass:\"esgbox-container-3-img\",captionPosition:\"bottom\",overflow:\"auto\",};jQuery(\"#esg-grid-3-img-1\").data(\"lightboxsettings\",lightboxOptions);essapi_3_img_1=jQuery(\"#esg-grid-3-img-1\").tpessential({gridID:3,layout:\"even\",waitForViewport:\"on\",lazyLoad:\"off\",row:3,apiName:\"essapi_3_img_1\",loadMoreAjaxToken:\"2264579754\",loadMoreAjaxUrl:\"https:\/\/integral.ba\/wp-admin\/admin-ajax.php\",loadMoreAjaxAction:\"Essential_Grid_Front_request_ajax\",ajaxContentTarget:\"ess-grid-ajax-container-\",ajaxScrollToOffset:\"0\",ajaxCloseButton:\"off\",ajaxContentSliding:\"on\",ajaxScrollToOnLoad:\"on\",ajaxCallbackArgument:\"off\",ajaxNavButton:\"off\",ajaxCloseType:\"type1\",ajaxCloseInner:\"false\",ajaxCloseStyle:\"light\",ajaxClosePosition:\"tr\",space:10,pageAnimation:\"fade\",videoPlaybackInGrid:\"on\",videoLoopInGrid:\"on\",videoPlaybackOnHover:\"off\",videoInlineMute:\"on\",videoInlineControls:\"on\",keepLayersInline:\"off\",startAnimation:\"none\",startAnimationSpeed:1000,startAnimationDelay:100,startAnimationType:\"item\",animationType:\"item\",paginationScrollToTop:\"off\",paginationAutoplay:\"off\",spinner:\"spinner0\",minVisibleItems:3,evenGridMasonrySkinPusher:\"off\",lightBoxMode:\"all\",lightboxHash:\"group\",lightboxPostMinWid:\"75%\",lightboxPostMaxWid:\"75%\",lightboxSpinner:\"off\",lightBoxFeaturedImg:\"off\",lightBoxPostTitle:\"off\",lightBoxPostTitleTag:\"h2\",lightboxMargin:\"0|0|0|0\",lbContentPadding:\"0|0|0|0\",lbContentOverflow:\"auto\",animSpeed:1000,delayBasic:1,mainhoverdelay:1,filterType:\"single\",showDropFilter:\"hover\",filterGroupClass:\"esg-fgc-3\",filterNoMatch:\"No Items for the Selected Filter\",filterDeepLink:\"off\",hideMarkups:\"on\",youtubeNoCookie:\"false\",convertFilterMobile:false,convertFilterMobileWidth:768,paginationSwipe:\"off\",paginationDragVer:\"on\",pageSwipeThrottle:30,aspectratio:\"4:3\",hideBlankItemsAt:\"1\",responsiveEntries:[{width:1900,amount:4,mmheight:0},{width:1400,amount:4,mmheight:0},{width:1170,amount:4,mmheight:0},{width:1024,amount:4,mmheight:0},{width:960,amount:3,mmheight:0},{width:778,amount:3,mmheight:0},{width:640,amount:3,mmheight:0},{width:480,amount:1,mmheight:0},],googleFonts:[\"Open+Sans:300,400,600,700,800\",\"Raleway:100,200,300,400,500,600,700,800,900\",\"Droid+Serif:400,700\"]  });});};if (document.readyState ===\"loading\")document.addEventListener('readystatechange',function(){if (document.readyState ===\"interactive\" ||document.readyState ===\"complete\") window.ESG.inits.v3_img_1.checkResources();});else window.ESG.inits.v3_img_1.checkResources();<\/script>\n","protected":false},"excerpt":{"rendered":"<p>The ceremony held on July 29, 2022, marked the completion of works on the construction of the interstate bridge over the Sava River near Gradi\u0161ka. The ceremony was attended by: Milorad Dodik, the Serb&nbsp;member of the BiH Presidency; Nedeljko \u010cubrilovi\u0107, the Chairman of the National Assembly of the&nbsp;&nbsp;Republic Srpska; Srebrenka Goli\u0107, the Vice \u2013 Prime [&hellip;]<\/p>\n","protected":false},"author":2,"featured_media":86109,"comment_status":"closed","ping_status":"closed","sticky":false,"template":"","format":"standard","meta":{"_acf_changed":false,"_et_pb_use_builder":"off","_et_pb_old_content":"<!-- wp:paragraph -->\n<p><\/p>\n<!-- \/wp:paragraph -->\n\n<!-- wp:paragraph -->\n<p>Prigodnom sve\u010dano\u0161\u0107u odr\u017eanom 29. jula 2022. godine obilje\u017een je zavr\u0161etak radova na izgradnji me\u0111udr\u017eavnog mosta preko rijeke Save kod Gradi\u0161ke.\u00a0<\/p>\n<!-- \/wp:paragraph -->\n\n<!-- wp:paragraph -->\n<p>Sve\u010danom zavr\u0161etku radova prisustvovali su:<\/p>\n<!-- \/wp:paragraph -->\n\n<!-- wp:list {\"className\":\"buleti\"} -->\n<ul class=\"buleti\"><li>Milorad Dodik, \u010dlan Predsjedni\u0161tva BiH iz reda srpskog naroda;<\/li><li>Nedeljko \u010cubrilovi\u0107, predsjednik Narodne skup\u0161tine Republike Srpske;<\/li><li>Srebrenka Goli\u0107, potpredsjednica Vlade Republike Srpske i ministar za prostorno ure\u0111enje, gra\u0111evinarstvo i ekologiju;<\/li><li>Vojin Mitrovi\u0107, ministar u Savjetu ministara BiH za komunikacije i transport;<\/li><li>Tomislav Mihoti\u0107, dr\u017eavni sekretar u ministarstvu za more, promet i infrastrukturu;<\/li><li>Josip \u0160kori\u0107, predsjednik uprave, Hrvatske ceste doo;<\/li><li>Stefan Eler,\u00a0\u00a0\u0161ef sektora za kooperacije u delegaciji EU u BiH;<\/li><li>Slobodan Stanarevi\u0107, v.d. direktor, JP \u201eAutoputevi Republike Srpske\u201c;<\/li><li>Dragana Ili\u0107, zamjenica gradona\u010delnika Gradi\u0161ke;<\/li><li>Predstavnici zajedni\u010dkog preduzetni\u0161tva \"Integral in\u017eenjering - \u0110uro \u0110akovi\u0107 - Zagreb monta\u017ea\";<\/li><li>Predstavnici nadzora,\u00a0\u00a0JV \u201c\u00a0\u201eKREBS + KIEFER Eastern Europe GmbH i Institut IGH\u201d;<\/li><li>Brojni gra\u0111ani.<\/li><\/ul>\n<!-- \/wp:list -->\n\n<!-- wp:paragraph -->\n<p>U svojim obra\u0107anjima, visoki zvani\u010dnici su istakli zna\u010daj izgradnje ovog objekta i dionice puta u cjelini za&nbsp;br\u017ei promet ljudi i roba, za nesmetano i efikasno obavljanje poslova kontrolnih i grani\u010dnih organa, te za kvalitetnije odvijanje \u017eivota u, sada proptere\u0107enoj, Gradi\u0161ci.<\/p>\n<!-- \/wp:paragraph -->\n\n<!-- wp:paragraph -->\n<p>Izgradnjom mosta na rijeci Savi zavr\u0161ena je prva faza radova i dio je ukupnih radova na izgradnji funkcionalne putne cjeline na dionici puta granica \u2013 Oku\u010dani.\u00a0<br>Izgradnja ove dionice puta, pored ostalog uklju\u010duje autoput punog profila na strani Republike Srpske (Bosna i Hercegovina), \u010detverotra\u010dni most preko rijeke Save, \u010detverotra\u010dnu\u00a0\u00a0brzu cestu na strani Republike Hrvatske, dva odvojena grani\u010dna prelaza i prilazne puteve.<\/p>\n<!-- \/wp:paragraph -->\n\n<!-- wp:paragraph -->\n<p>Integral in\u017eenjering je, kao glavni izvo\u0111a\u010d radova, veoma ponosan \u0161to je,\u00a0\u00a0zajedno sa firmama\u00a0\u0110uro \u0110akovi\u0107 Monta\u017ea d.o.o. i Zagreb-Monta\u017ea d.o.o., uspje\u0161no ralizovao ovaj projekat u neuobi\u010dajenim uslovima pandemije COVID i naru\u0161enih lanaca snabdijevanja izazvanih geopoliti\u010dkim tenzijama i sukobima.<br><br>Neki od najzna\u010dajnijih mostova koje je Integral in\u017eenjering do sada izgradio zajedno sa svojim partnerima, su:\u00a0<\/p>\n<!-- \/wp:paragraph -->\n\n<!-- wp:list {\"className\":\"buleti\"} -->\n<ul class=\"buleti\"><li>most preko rijeke Save kod Gradi\u0161ke du\u017eine l = 462 m (2022.g.);<\/li><li>most preko rijeke Bosne na autoputu na Koridoru 5c - izlaz Doboja du\u017eine l = 228 m (2022.g.);<\/li><li>sedam mostova u Grdeli\u010dkoj klisuri ukupne (Vladi\u010din Han,Srbija) du\u017eine\u00a0l=2.540 m (2018. g.)\u00a0<\/li><li>most preko rijeke Vrbas (Lakta\u0161i) du\u017eine\u00a0\u00a0l = 340 m (2017. g.)<\/li><li>vijadukt\u00a0\u00a0Lakta\u0161i (Lakta\u0161i) du\u017eine l = 449 m (2017. g.)<\/li><li>vijadukt Mahovljani (Lakta\u0161i) du\u017eine l = 400 m (2017. g.)<\/li><li>most preko rijeke Bosne (Doboj)\u00a0\u00a0du\u017eine l = 414 m (2016. g.)<\/li><li>vijadukt Trnova Luka (\u010cemerno, Gacko) du\u017eine l = 408,00 m\u00a0(2013. g.). <\/li><\/ul>\n<!-- \/wp:list -->\n\n<!-- wp:paragraph -->\n<p>U ovom trenutku Integral in\u017eenjering gradi tri velika mosta:\u00a0<\/p>\n<!-- \/wp:paragraph -->\n\n<!-- wp:list {\"className\":\"buleti\"} -->\n<ul class=\"buleti\"><li>most \u201eKanal nova Sava\u201c na brzoj cesti prema Oku\u010danima du\u017eine (l = 523 m)<\/li><li>most preko rijeke Bosne na autoputu na Koridoru 5c kod Doboja du\u017eine (l = 326\u00a0m);<\/li><li>most preko rijeke Trebi\u0161njice kod Trebinja ( l = 484 m).<\/li><\/ul>\n<!-- \/wp:list -->\n\n<!-- wp:paragraph -->\n<p><\/p>\n<!-- \/wp:paragraph -->\n\n<!-- wp:paragraph -->\n<p><\/p>\n<!-- \/wp:paragraph -->\n\n<!-- wp:buttons {\"className\":\"button_l\"} -->\n<div class=\"wp-block-buttons button_l\"><!-- wp:button {\"className\":\"btn_l\"} -->\n<div class=\"wp-block-button btn_l\"><a class=\"wp-block-button__link\" href=\"https:\/\/integral.ba\/izgradnja-dionice-okucani-granica-bosne-i-hercegovine-i-faza-most-na-granici-preko-rijeke-save\/\">Vi\u0161e o projektu...<\/a><\/div>\n<!-- \/wp:button --><\/div>\n<!-- \/wp:buttons -->\n\n<!-- wp:paragraph -->\n<p><\/p>\n<!-- \/wp:paragraph -->\n\n<!-- wp:paragraph -->\n<p><\/p>\n<!-- \/wp:paragraph -->\n\n<p>[gallery columns=\"4\" ids=\"86108,86110,86014,86080,86078,86100,86098,86096,86094,86092,86090,86088,86086,86084,86082\"]<\/p>","_et_gb_content_width":"","inline_featured_image":false,"footnotes":""},"categories":[9],"tags":[],"class_list":["post-86138","post","type-post","status-publish","format-standard","has-post-thumbnail","hentry","category-news"],"acf":[],"yoast_head":"<!-- This site is optimized with the Yoast SEO plugin v27.4 - https:\/\/yoast.com\/product\/yoast-seo-wordpress\/ -->\n<title>Bridge over the Sava River near Gradi\u0161ka: Ceremonial commissioning - Integral In\u017eenjering<\/title>\n<meta name=\"robots\" content=\"index, follow, max-snippet:-1, max-image-preview:large, max-video-preview:-1\" \/>\n<link rel=\"canonical\" href=\"https:\/\/integral.ba\/en\/most-preko-rijeke-save-kod-gradiske-svecani-zavrsetak-radova\/\" \/>\n<meta property=\"og:locale\" content=\"en_US\" \/>\n<meta property=\"og:type\" content=\"article\" \/>\n<meta property=\"og:title\" content=\"Bridge over the Sava River near Gradi\u0161ka: Ceremonial commissioning - Integral In\u017eenjering\" \/>\n<meta property=\"og:description\" content=\"The ceremony held on July 29, 2022, marked the completion of works on the construction of the interstate bridge over the Sava River near Gradi\u0161ka. The ceremony was attended by: Milorad Dodik, the Serb&nbsp;member of the BiH Presidency; Nedeljko \u010cubrilovi\u0107, the Chairman of the National Assembly of the&nbsp;&nbsp;Republic Srpska; Srebrenka Goli\u0107, the Vice \u2013 Prime [&hellip;]\" \/>\n<meta property=\"og:url\" content=\"https:\/\/integral.ba\/en\/most-preko-rijeke-save-kod-gradiske-svecani-zavrsetak-radova\/\" \/>\n<meta property=\"og:site_name\" content=\"Integral In\u017eenjering\" \/>\n<meta property=\"article:published_time\" content=\"2022-07-29T18:00:00+00:00\" \/>\n<meta property=\"article:modified_time\" content=\"2022-09-19T11:11:29+00:00\" \/>\n<meta property=\"og:image\" content=\"https:\/\/integral.ba\/wp-content\/uploads\/2022\/07\/Most-na-rijeci-Savi-kod-Gradis\u030cke-2.jpg\" \/>\n\t<meta property=\"og:image:width\" content=\"938\" \/>\n\t<meta property=\"og:image:height\" content=\"541\" \/>\n\t<meta property=\"og:image:type\" content=\"image\/jpeg\" \/>\n<meta name=\"author\" content=\"admin\" \/>\n<meta name=\"twitter:card\" content=\"summary_large_image\" \/>\n<meta name=\"twitter:label1\" content=\"Written by\" \/>\n\t<meta name=\"twitter:data1\" content=\"admin\" \/>\n\t<meta name=\"twitter:label2\" content=\"Est. reading time\" \/>\n\t<meta name=\"twitter:data2\" content=\"3 minutes\" \/>\n<script type=\"application\/ld+json\" class=\"yoast-schema-graph\">{\"@context\":\"https:\\\/\\\/schema.org\",\"@graph\":[{\"@type\":\"Article\",\"@id\":\"https:\\\/\\\/integral.ba\\\/en\\\/most-preko-rijeke-save-kod-gradiske-svecani-zavrsetak-radova\\\/#article\",\"isPartOf\":{\"@id\":\"https:\\\/\\\/integral.ba\\\/en\\\/most-preko-rijeke-save-kod-gradiske-svecani-zavrsetak-radova\\\/\"},\"author\":{\"name\":\"admin\",\"@id\":\"https:\\\/\\\/integral.ba\\\/en\\\/#\\\/schema\\\/person\\\/26cb2b81b17dc2d39605c57901cc93a5\"},\"headline\":\"Bridge over the Sava River near Gradi\u0161ka: Ceremonial commissioning\",\"datePublished\":\"2022-07-29T18:00:00+00:00\",\"dateModified\":\"2022-09-19T11:11:29+00:00\",\"mainEntityOfPage\":{\"@id\":\"https:\\\/\\\/integral.ba\\\/en\\\/most-preko-rijeke-save-kod-gradiske-svecani-zavrsetak-radova\\\/\"},\"wordCount\":568,\"publisher\":{\"@id\":\"https:\\\/\\\/integral.ba\\\/en\\\/#organization\"},\"image\":{\"@id\":\"https:\\\/\\\/integral.ba\\\/en\\\/most-preko-rijeke-save-kod-gradiske-svecani-zavrsetak-radova\\\/#primaryimage\"},\"thumbnailUrl\":\"https:\\\/\\\/integral.ba\\\/wp-content\\\/uploads\\\/2022\\\/07\\\/Most-na-rijeci-Savi-kod-Gradis\u030cke-2.jpg\",\"articleSection\":[\"News\"],\"inLanguage\":\"en-US\"},{\"@type\":\"WebPage\",\"@id\":\"https:\\\/\\\/integral.ba\\\/en\\\/most-preko-rijeke-save-kod-gradiske-svecani-zavrsetak-radova\\\/\",\"url\":\"https:\\\/\\\/integral.ba\\\/en\\\/most-preko-rijeke-save-kod-gradiske-svecani-zavrsetak-radova\\\/\",\"name\":\"Bridge over the Sava River near Gradi\u0161ka: Ceremonial commissioning - Integral In\u017eenjering\",\"isPartOf\":{\"@id\":\"https:\\\/\\\/integral.ba\\\/en\\\/#website\"},\"primaryImageOfPage\":{\"@id\":\"https:\\\/\\\/integral.ba\\\/en\\\/most-preko-rijeke-save-kod-gradiske-svecani-zavrsetak-radova\\\/#primaryimage\"},\"image\":{\"@id\":\"https:\\\/\\\/integral.ba\\\/en\\\/most-preko-rijeke-save-kod-gradiske-svecani-zavrsetak-radova\\\/#primaryimage\"},\"thumbnailUrl\":\"https:\\\/\\\/integral.ba\\\/wp-content\\\/uploads\\\/2022\\\/07\\\/Most-na-rijeci-Savi-kod-Gradis\u030cke-2.jpg\",\"datePublished\":\"2022-07-29T18:00:00+00:00\",\"dateModified\":\"2022-09-19T11:11:29+00:00\",\"breadcrumb\":{\"@id\":\"https:\\\/\\\/integral.ba\\\/en\\\/most-preko-rijeke-save-kod-gradiske-svecani-zavrsetak-radova\\\/#breadcrumb\"},\"inLanguage\":\"en-US\",\"potentialAction\":[{\"@type\":\"ReadAction\",\"target\":[\"https:\\\/\\\/integral.ba\\\/en\\\/most-preko-rijeke-save-kod-gradiske-svecani-zavrsetak-radova\\\/\"]}]},{\"@type\":\"ImageObject\",\"inLanguage\":\"en-US\",\"@id\":\"https:\\\/\\\/integral.ba\\\/en\\\/most-preko-rijeke-save-kod-gradiske-svecani-zavrsetak-radova\\\/#primaryimage\",\"url\":\"https:\\\/\\\/integral.ba\\\/wp-content\\\/uploads\\\/2022\\\/07\\\/Most-na-rijeci-Savi-kod-Gradis\u030cke-2.jpg\",\"contentUrl\":\"https:\\\/\\\/integral.ba\\\/wp-content\\\/uploads\\\/2022\\\/07\\\/Most-na-rijeci-Savi-kod-Gradis\u030cke-2.jpg\",\"width\":938,\"height\":541},{\"@type\":\"BreadcrumbList\",\"@id\":\"https:\\\/\\\/integral.ba\\\/en\\\/most-preko-rijeke-save-kod-gradiske-svecani-zavrsetak-radova\\\/#breadcrumb\",\"itemListElement\":[{\"@type\":\"ListItem\",\"position\":1,\"name\":\"Home\",\"item\":\"https:\\\/\\\/integral.ba\\\/en\\\/?lang=en\"},{\"@type\":\"ListItem\",\"position\":2,\"name\":\"Bridge over the Sava River near Gradi\u0161ka: Ceremonial commissioning\"}]},{\"@type\":\"WebSite\",\"@id\":\"https:\\\/\\\/integral.ba\\\/en\\\/#website\",\"url\":\"https:\\\/\\\/integral.ba\\\/en\\\/\",\"name\":\"Integral In\u017eenjering\",\"description\":\"iic\",\"publisher\":{\"@id\":\"https:\\\/\\\/integral.ba\\\/en\\\/#organization\"},\"potentialAction\":[{\"@type\":\"SearchAction\",\"target\":{\"@type\":\"EntryPoint\",\"urlTemplate\":\"https:\\\/\\\/integral.ba\\\/en\\\/?s={search_term_string}\"},\"query-input\":{\"@type\":\"PropertyValueSpecification\",\"valueRequired\":true,\"valueName\":\"search_term_string\"}}],\"inLanguage\":\"en-US\"},{\"@type\":\"Organization\",\"@id\":\"https:\\\/\\\/integral.ba\\\/en\\\/#organization\",\"name\":\"Integral In\u017eenjering\",\"url\":\"https:\\\/\\\/integral.ba\\\/en\\\/\",\"logo\":{\"@type\":\"ImageObject\",\"inLanguage\":\"en-US\",\"@id\":\"https:\\\/\\\/integral.ba\\\/en\\\/#\\\/schema\\\/logo\\\/image\\\/\",\"url\":\"https:\\\/\\\/integral.ba\\\/wp-content\\\/uploads\\\/2020\\\/08\\\/favicon.png\",\"contentUrl\":\"https:\\\/\\\/integral.ba\\\/wp-content\\\/uploads\\\/2020\\\/08\\\/favicon.png\",\"width\":512,\"height\":512,\"caption\":\"Integral In\u017eenjering\"},\"image\":{\"@id\":\"https:\\\/\\\/integral.ba\\\/en\\\/#\\\/schema\\\/logo\\\/image\\\/\"},\"sameAs\":[\"https:\\\/\\\/www.youtube.com\\\/user\\\/IntegralGrupa\",\"https:\\\/\\\/sr.wikipedia.org\\\/sr-el\\\/\u0418\u043d\u0442\u0435\u0433\u0440\u0430\u043b_\u0438\u043d\u0436\u0435\u045a\u0435\u0440\u0438\u043d\u0433\"]},{\"@type\":\"Person\",\"@id\":\"https:\\\/\\\/integral.ba\\\/en\\\/#\\\/schema\\\/person\\\/26cb2b81b17dc2d39605c57901cc93a5\",\"name\":\"admin\",\"image\":{\"@type\":\"ImageObject\",\"inLanguage\":\"en-US\",\"@id\":\"https:\\\/\\\/secure.gravatar.com\\\/avatar\\\/382a2dc99ada78464373ee3b839330007497f666902ce4514942fcab7bb7a3f1?s=96&d=mm&r=g\",\"url\":\"https:\\\/\\\/secure.gravatar.com\\\/avatar\\\/382a2dc99ada78464373ee3b839330007497f666902ce4514942fcab7bb7a3f1?s=96&d=mm&r=g\",\"contentUrl\":\"https:\\\/\\\/secure.gravatar.com\\\/avatar\\\/382a2dc99ada78464373ee3b839330007497f666902ce4514942fcab7bb7a3f1?s=96&d=mm&r=g\",\"caption\":\"admin\"}}]}<\/script>\n<!-- \/ Yoast SEO plugin. -->","yoast_head_json":{"title":"Bridge over the Sava River near Gradi\u0161ka: Ceremonial commissioning - Integral In\u017eenjering","robots":{"index":"index","follow":"follow","max-snippet":"max-snippet:-1","max-image-preview":"max-image-preview:large","max-video-preview":"max-video-preview:-1"},"canonical":"https:\/\/integral.ba\/en\/most-preko-rijeke-save-kod-gradiske-svecani-zavrsetak-radova\/","og_locale":"en_US","og_type":"article","og_title":"Bridge over the Sava River near Gradi\u0161ka: Ceremonial commissioning - Integral In\u017eenjering","og_description":"The ceremony held on July 29, 2022, marked the completion of works on the construction of the interstate bridge over the Sava River near Gradi\u0161ka. The ceremony was attended by: Milorad Dodik, the Serb&nbsp;member of the BiH Presidency; Nedeljko \u010cubrilovi\u0107, the Chairman of the National Assembly of the&nbsp;&nbsp;Republic Srpska; Srebrenka Goli\u0107, the Vice \u2013 Prime [&hellip;]","og_url":"https:\/\/integral.ba\/en\/most-preko-rijeke-save-kod-gradiske-svecani-zavrsetak-radova\/","og_site_name":"Integral In\u017eenjering","article_published_time":"2022-07-29T18:00:00+00:00","article_modified_time":"2022-09-19T11:11:29+00:00","og_image":[{"width":938,"height":541,"url":"https:\/\/integral.ba\/wp-content\/uploads\/2022\/07\/Most-na-rijeci-Savi-kod-Gradis\u030cke-2.jpg","type":"image\/jpeg"}],"author":"admin","twitter_card":"summary_large_image","twitter_misc":{"Written by":"admin","Est. reading time":"3 minutes"},"schema":{"@context":"https:\/\/schema.org","@graph":[{"@type":"Article","@id":"https:\/\/integral.ba\/en\/most-preko-rijeke-save-kod-gradiske-svecani-zavrsetak-radova\/#article","isPartOf":{"@id":"https:\/\/integral.ba\/en\/most-preko-rijeke-save-kod-gradiske-svecani-zavrsetak-radova\/"},"author":{"name":"admin","@id":"https:\/\/integral.ba\/en\/#\/schema\/person\/26cb2b81b17dc2d39605c57901cc93a5"},"headline":"Bridge over the Sava River near Gradi\u0161ka: Ceremonial commissioning","datePublished":"2022-07-29T18:00:00+00:00","dateModified":"2022-09-19T11:11:29+00:00","mainEntityOfPage":{"@id":"https:\/\/integral.ba\/en\/most-preko-rijeke-save-kod-gradiske-svecani-zavrsetak-radova\/"},"wordCount":568,"publisher":{"@id":"https:\/\/integral.ba\/en\/#organization"},"image":{"@id":"https:\/\/integral.ba\/en\/most-preko-rijeke-save-kod-gradiske-svecani-zavrsetak-radova\/#primaryimage"},"thumbnailUrl":"https:\/\/integral.ba\/wp-content\/uploads\/2022\/07\/Most-na-rijeci-Savi-kod-Gradis\u030cke-2.jpg","articleSection":["News"],"inLanguage":"en-US"},{"@type":"WebPage","@id":"https:\/\/integral.ba\/en\/most-preko-rijeke-save-kod-gradiske-svecani-zavrsetak-radova\/","url":"https:\/\/integral.ba\/en\/most-preko-rijeke-save-kod-gradiske-svecani-zavrsetak-radova\/","name":"Bridge over the Sava River near Gradi\u0161ka: Ceremonial commissioning - Integral In\u017eenjering","isPartOf":{"@id":"https:\/\/integral.ba\/en\/#website"},"primaryImageOfPage":{"@id":"https:\/\/integral.ba\/en\/most-preko-rijeke-save-kod-gradiske-svecani-zavrsetak-radova\/#primaryimage"},"image":{"@id":"https:\/\/integral.ba\/en\/most-preko-rijeke-save-kod-gradiske-svecani-zavrsetak-radova\/#primaryimage"},"thumbnailUrl":"https:\/\/integral.ba\/wp-content\/uploads\/2022\/07\/Most-na-rijeci-Savi-kod-Gradis\u030cke-2.jpg","datePublished":"2022-07-29T18:00:00+00:00","dateModified":"2022-09-19T11:11:29+00:00","breadcrumb":{"@id":"https:\/\/integral.ba\/en\/most-preko-rijeke-save-kod-gradiske-svecani-zavrsetak-radova\/#breadcrumb"},"inLanguage":"en-US","potentialAction":[{"@type":"ReadAction","target":["https:\/\/integral.ba\/en\/most-preko-rijeke-save-kod-gradiske-svecani-zavrsetak-radova\/"]}]},{"@type":"ImageObject","inLanguage":"en-US","@id":"https:\/\/integral.ba\/en\/most-preko-rijeke-save-kod-gradiske-svecani-zavrsetak-radova\/#primaryimage","url":"https:\/\/integral.ba\/wp-content\/uploads\/2022\/07\/Most-na-rijeci-Savi-kod-Gradis\u030cke-2.jpg","contentUrl":"https:\/\/integral.ba\/wp-content\/uploads\/2022\/07\/Most-na-rijeci-Savi-kod-Gradis\u030cke-2.jpg","width":938,"height":541},{"@type":"BreadcrumbList","@id":"https:\/\/integral.ba\/en\/most-preko-rijeke-save-kod-gradiske-svecani-zavrsetak-radova\/#breadcrumb","itemListElement":[{"@type":"ListItem","position":1,"name":"Home","item":"https:\/\/integral.ba\/en\/?lang=en"},{"@type":"ListItem","position":2,"name":"Bridge over the Sava River near Gradi\u0161ka: Ceremonial commissioning"}]},{"@type":"WebSite","@id":"https:\/\/integral.ba\/en\/#website","url":"https:\/\/integral.ba\/en\/","name":"Integral In\u017eenjering","description":"iic","publisher":{"@id":"https:\/\/integral.ba\/en\/#organization"},"potentialAction":[{"@type":"SearchAction","target":{"@type":"EntryPoint","urlTemplate":"https:\/\/integral.ba\/en\/?s={search_term_string}"},"query-input":{"@type":"PropertyValueSpecification","valueRequired":true,"valueName":"search_term_string"}}],"inLanguage":"en-US"},{"@type":"Organization","@id":"https:\/\/integral.ba\/en\/#organization","name":"Integral In\u017eenjering","url":"https:\/\/integral.ba\/en\/","logo":{"@type":"ImageObject","inLanguage":"en-US","@id":"https:\/\/integral.ba\/en\/#\/schema\/logo\/image\/","url":"https:\/\/integral.ba\/wp-content\/uploads\/2020\/08\/favicon.png","contentUrl":"https:\/\/integral.ba\/wp-content\/uploads\/2020\/08\/favicon.png","width":512,"height":512,"caption":"Integral In\u017eenjering"},"image":{"@id":"https:\/\/integral.ba\/en\/#\/schema\/logo\/image\/"},"sameAs":["https:\/\/www.youtube.com\/user\/IntegralGrupa","https:\/\/sr.wikipedia.org\/sr-el\/\u0418\u043d\u0442\u0435\u0433\u0440\u0430\u043b_\u0438\u043d\u0436\u0435\u045a\u0435\u0440\u0438\u043d\u0433"]},{"@type":"Person","@id":"https:\/\/integral.ba\/en\/#\/schema\/person\/26cb2b81b17dc2d39605c57901cc93a5","name":"admin","image":{"@type":"ImageObject","inLanguage":"en-US","@id":"https:\/\/secure.gravatar.com\/avatar\/382a2dc99ada78464373ee3b839330007497f666902ce4514942fcab7bb7a3f1?s=96&d=mm&r=g","url":"https:\/\/secure.gravatar.com\/avatar\/382a2dc99ada78464373ee3b839330007497f666902ce4514942fcab7bb7a3f1?s=96&d=mm&r=g","contentUrl":"https:\/\/secure.gravatar.com\/avatar\/382a2dc99ada78464373ee3b839330007497f666902ce4514942fcab7bb7a3f1?s=96&d=mm&r=g","caption":"admin"}}]}},"_links":{"self":[{"href":"https:\/\/integral.ba\/en\/wp-json\/wp\/v2\/posts\/86138","targetHints":{"allow":["GET"]}}],"collection":[{"href":"https:\/\/integral.ba\/en\/wp-json\/wp\/v2\/posts"}],"about":[{"href":"https:\/\/integral.ba\/en\/wp-json\/wp\/v2\/types\/post"}],"author":[{"embeddable":true,"href":"https:\/\/integral.ba\/en\/wp-json\/wp\/v2\/users\/2"}],"replies":[{"embeddable":true,"href":"https:\/\/integral.ba\/en\/wp-json\/wp\/v2\/comments?post=86138"}],"version-history":[{"count":7,"href":"https:\/\/integral.ba\/en\/wp-json\/wp\/v2\/posts\/86138\/revisions"}],"predecessor-version":[{"id":86323,"href":"https:\/\/integral.ba\/en\/wp-json\/wp\/v2\/posts\/86138\/revisions\/86323"}],"wp:featuredmedia":[{"embeddable":true,"href":"https:\/\/integral.ba\/en\/wp-json\/wp\/v2\/media\/86109"}],"wp:attachment":[{"href":"https:\/\/integral.ba\/en\/wp-json\/wp\/v2\/media?parent=86138"}],"wp:term":[{"taxonomy":"category","embeddable":true,"href":"https:\/\/integral.ba\/en\/wp-json\/wp\/v2\/categories?post=86138"},{"taxonomy":"post_tag","embeddable":true,"href":"https:\/\/integral.ba\/en\/wp-json\/wp\/v2\/tags?post=86138"}],"curies":[{"name":"wp","href":"https:\/\/api.w.org\/{rel}","templated":true}]}}